{"id":31362,"date":"2025-03-07T03:11:07","date_gmt":"2025-03-07T03:11:07","guid":{"rendered":"https:\/\/icoinformativo.mx\/home\/?p=31362"},"modified":"2025-03-07T03:11:07","modified_gmt":"2025-03-07T03:11:07","slug":"ixtacomitan-presente-en-la-instalacion-de-la-red-chiapaneca-de-municipios-de-la-salud","status":"publish","type":"post","link":"https:\/\/icoinformativo.mx\/home\/?p=31362","title":{"rendered":"IXTACOMIT\u00c1N PRESENTE EN LA INSTALACI\u00d3N DE LA RED CHIAPANECA DE MUNICIPIOS DE LA SALUD"},"content":{"rendered":"<p>&nbsp;<\/p>\n<p>El Presidente Municipal de #Ixtacomit\u00e1n Miguel Angel Moreno Palacios acompa\u00f1ado con su esposa la presidenta del DIF Ixtacomit\u00e1n Mtra. Blanca Estrada, asistieron a la instalaci\u00f3n y toma de protesta de la Red Chiapaneca de Municipios por la Salud.<\/p>\n<p>&nbsp;<\/p>\n<p>Reafirmando el compromiso con el bienestar de las familias de #Ixtacomit\u00e1n de trabajar de la mano con el gobierno estatal Dr. Eduardo Ram\u00edrez Aguilar y las autoridades locales Doc Guillermo Gordillo Penagos jefe de la Jurisdiccion Sanitaria V Pichucalco para impulsar acciones preventivas y mejorar la atenci\u00f3n m\u00e9dica.<\/p>\n","protected":false},"excerpt":{"rendered":"<p>&nbsp; El Presidente Municipal de #Ixtacomit\u00e1n Miguel Angel Moreno Palacios acompa\u00f1ado con su esposa la&#8230;<\/p>\n","protected":false},"author":2,"featured_media":31363,"comment_status":"closed","ping_status":"closed","sticky":false,"template":"","format":"standard","meta":{"_joinchat":[],"footnotes":""},"categories":[1,2,3],"tags":[],"class_list":["post-31362","post","type-post","status-publish","format-standard","has-post-thumbnail","hentry","category-boletin","category-estado","category-health"],"_links":{"self":[{"href":"https:\/\/icoinformativo.mx\/home\/index.php?rest_route=\/wp\/v2\/posts\/31362","targetHints":{"allow":["GET"]}}],"collection":[{"href":"https:\/\/icoinformativo.mx\/home\/index.php?rest_route=\/wp\/v2\/posts"}],"about":[{"href":"https:\/\/icoinformativo.mx\/home\/index.php?rest_route=\/wp\/v2\/types\/post"}],"author":[{"embeddable":true,"href":"https:\/\/icoinformativo.mx\/home\/index.php?rest_route=\/wp\/v2\/users\/2"}],"replies":[{"embeddable":true,"href":"https:\/\/icoinformativo.mx\/home\/index.php?rest_route=%2Fwp%2Fv2%2Fcomments&post=31362"}],"version-history":[{"count":1,"href":"https:\/\/icoinformativo.mx\/home\/index.php?rest_route=\/wp\/v2\/posts\/31362\/revisions"}],"predecessor-version":[{"id":31364,"href":"https:\/\/icoinformativo.mx\/home\/index.php?rest_route=\/wp\/v2\/posts\/31362\/revisions\/31364"}],"wp:featuredmedia":[{"embeddable":true,"href":"https:\/\/icoinformativo.mx\/home\/index.php?rest_route=\/wp\/v2\/media\/31363"}],"wp:attachment":[{"href":"https:\/\/icoinformativo.mx\/home\/index.php?rest_route=%2Fwp%2Fv2%2Fmedia&parent=31362"}],"wp:term":[{"taxonomy":"category","embeddable":true,"href":"https:\/\/icoinformativo.mx\/home\/index.php?rest_route=%2Fwp%2Fv2%2Fcategories&post=31362"},{"taxonomy":"post_tag","embeddable":true,"href":"https:\/\/icoinformativo.mx\/home\/index.php?rest_route=%2Fwp%2Fv2%2Ftags&post=31362"}],"curies":[{"name":"wp","href":"https:\/\/api.w.org\/{rel}","templated":true}]}}