{"id":31356,"date":"2025-03-07T03:01:18","date_gmt":"2025-03-07T03:01:18","guid":{"rendered":"https:\/\/icoinformativo.mx\/home\/?p=31356"},"modified":"2025-03-07T03:01:18","modified_gmt":"2025-03-07T03:01:18","slug":"encabeza-eduardo-ramirez-el-arranque-del-programa-de-capacitacion-turistica-anfitrion-en-movimiento","status":"publish","type":"post","link":"https:\/\/icoinformativo.mx\/home\/?p=31356","title":{"rendered":"Encabeza Eduardo Ram\u00edrez el arranque del Programa de Capacitaci\u00f3n Tur\u00edstica Anfitri\u00f3n en Movimiento.\u00a0"},"content":{"rendered":"<p>&nbsp;<\/p>\n<p>El gobernador Eduardo Ram\u00edrez Aguilar encabez\u00f3 el arranque del Programa de Capacitaci\u00f3n Tur\u00edstica Anfitri\u00f3n en Movimiento, iniciativa que busca profesionalizar a las y los operadores del transporte p\u00fablico, al ser el primer contacto de las y los visitantes en las terminales, donde destac\u00f3 que su labor es clave para promocionar la riqueza natural y los atractivos de Chiapas, contribuyendo a consolidarlo como un destino tur\u00edstico de talla mundial.<\/p>\n<p>&nbsp;<\/p>\n<p>El mandatario subray\u00f3 que transporte y turismo est\u00e1n estrechamente vinculados, ya que son pilares econ\u00f3micos para muchas familias. \u201cUstedes deben ayudar a proyectar a Chiapas como un referente de calidad en el servicio. El gobierno puede hacer muchos esfuerzos, pero si la gente no colabora, no lograremos certificarnos como un destino tur\u00edstico mundial. Si el turismo crece, ganamos todos\u201d, enfatiz\u00f3.<\/p>\n<p>En este sentido, Ram\u00edrez Aguilar resalt\u00f3 que uno de los ejes fundamentales de su administraci\u00f3n es impulsar a Chiapas desde una perspectiva de paz social, por ello, dijo, ahora que se ha consolidado como un estado pac\u00edfico y se ha restablecido la seguridad en todas las regiones, se fortalece el desarrollo econ\u00f3mico, y la industria tur\u00edstica es clave para ello.<\/p>\n<p>&nbsp;<\/p>\n<p>Como parte del programa, anunci\u00f3 que los operadores del transporte p\u00fablico de las principales ciudades del estado, comenzando por Tuxtla Guti\u00e9rrez, recibir\u00e1n un chip con 10 gigabytes de Internet mensuales, para mejorar su servicio y conectividad. Adem\u00e1s, se les ofrecer\u00e1n clases de ingl\u00e9s para facilitar la comunicaci\u00f3n con turistas extranjeros. Aquellos que completen la certificaci\u00f3n, dijo, podr\u00edan acceder a beneficios y est\u00edmulos econ\u00f3micos.<\/p>\n<p>&nbsp;<\/p>\n<p>Por su parte, la secretaria de Turismo, Mar\u00eda Eugenia Culebro P\u00e9rez, destac\u00f3 que este programa transformar\u00e1 a las y los operadores de taxi en embajadores del estado, capacit\u00e1ndolos en calidad del servicio, cultura tur\u00edstica y comunicaci\u00f3n asertiva, adem\u00e1s de proporcionarles informaci\u00f3n importante sobre los destinos tur\u00edsticos de Chiapas. Se\u00f1al\u00f3 que la estrategia se extender\u00e1 a Tapachula, Comit\u00e1n, San Crist\u00f3bal de Las Casas y Palenque.<\/p>\n<p>La secretaria de Movilidad y Transporte, Albania Gonz\u00e1lez P\u00f3lito, detall\u00f3 que en esta primera etapa participan 150 operadores de transporte p\u00fablico, de los cuales 60 prestan servicio en el Aeropuerto Internacional \u00c1ngel Albino Corzo y 90 pertenecen a diversos sitios de taxis locales de Tuxtla Guti\u00e9rrez, como Concord, Montebello, Safari, entre otros.<\/p>\n<p>El diputado presidente de la Comisi\u00f3n de Movilidad, Comunicaciones y Transportes del Congreso del Estado, Rub\u00e9n Antonio Zuarth Esquinca, reconoci\u00f3 que, con la recuperaci\u00f3n de la paz y la seguridad en Chiapas, la afluencia tur\u00edstica ha incrementado, por lo que aplaudi\u00f3 esta iniciativa para mejorar el servicio de transporte p\u00fablico y fortalecer la movilidad en el esta<\/p>\n<p>A su vez, el representante de la cooperativa Taxis Express Aeropuerto, Freddy Narc\u00eda Abidal, agradeci\u00f3 al gobierno estatal por incluir al sector en esta estrategia, dot\u00e1ndolos de herramientas para ser anfitriones y promotores tur\u00edsticos. Tambi\u00e9n asegur\u00f3 que, gracias a las acciones en seguridad implementadas, distintos sectores productivos est\u00e1n viviendo tiempos de prosperidad y tranquilidad.<\/p>\n<p>En el evento tambi\u00e9n estuvieron presentes el coordinador general ejecutivo de la Secretar\u00eda de Turismo, Segundo Guill\u00e9n Gordillo; y la diputada presidenta de la Comisi\u00f3n de Turismo del Congreso del Estado, Erika Paola Mendoza Salda\u00f1a, entre otros.<\/p>\n","protected":false},"excerpt":{"rendered":"<p>&nbsp; El gobernador Eduardo Ram\u00edrez Aguilar encabez\u00f3 el arranque del Programa de Capacitaci\u00f3n Tur\u00edstica Anfitri\u00f3n&#8230;<\/p>\n","protected":false},"author":2,"featured_media":31357,"comment_status":"closed","ping_status":"closed","sticky":false,"template":"","format":"standard","meta":{"_joinchat":[],"footnotes":""},"categories":[18,1,2,3],"tags":[],"class_list":["post-31356","post","type-post","status-publish","format-standard","has-post-thumbnail","hentry","category-almomento","category-boletin","category-estado","category-health"],"_links":{"self":[{"href":"https:\/\/icoinformativo.mx\/home\/index.php?rest_route=\/wp\/v2\/posts\/31356","targetHints":{"allow":["GET"]}}],"collection":[{"href":"https:\/\/icoinformativo.mx\/home\/index.php?rest_route=\/wp\/v2\/posts"}],"about":[{"href":"https:\/\/icoinformativo.mx\/home\/index.php?rest_route=\/wp\/v2\/types\/post"}],"author":[{"embeddable":true,"href":"https:\/\/icoinformativo.mx\/home\/index.php?rest_route=\/wp\/v2\/users\/2"}],"replies":[{"embeddable":true,"href":"https:\/\/icoinformativo.mx\/home\/index.php?rest_route=%2Fwp%2Fv2%2Fcomments&post=31356"}],"version-history":[{"count":1,"href":"https:\/\/icoinformativo.mx\/home\/index.php?rest_route=\/wp\/v2\/posts\/31356\/revisions"}],"predecessor-version":[{"id":31358,"href":"https:\/\/icoinformativo.mx\/home\/index.php?rest_route=\/wp\/v2\/posts\/31356\/revisions\/31358"}],"wp:featuredmedia":[{"embeddable":true,"href":"https:\/\/icoinformativo.mx\/home\/index.php?rest_route=\/wp\/v2\/media\/31357"}],"wp:attachment":[{"href":"https:\/\/icoinformativo.mx\/home\/index.php?rest_route=%2Fwp%2Fv2%2Fmedia&parent=31356"}],"wp:term":[{"taxonomy":"category","embeddable":true,"href":"https:\/\/icoinformativo.mx\/home\/index.php?rest_route=%2Fwp%2Fv2%2Fcategories&post=31356"},{"taxonomy":"post_tag","embeddable":true,"href":"https:\/\/icoinformativo.mx\/home\/index.php?rest_route=%2Fwp%2Fv2%2Ftags&post=31356"}],"curies":[{"name":"wp","href":"https:\/\/api.w.org\/{rel}","templated":true}]}}