{"id":31349,"date":"2025-03-07T02:55:36","date_gmt":"2025-03-07T02:55:36","guid":{"rendered":"https:\/\/icoinformativo.mx\/home\/?p=31349"},"modified":"2025-03-07T02:55:36","modified_gmt":"2025-03-07T02:55:36","slug":"instalacion-de-la-red-chiapaneca-de-municipios-pondera-la-salud-como-politica-de-estado","status":"publish","type":"post","link":"https:\/\/icoinformativo.mx\/home\/?p=31349","title":{"rendered":"Instalaci\u00f3n de la Red Chiapaneca de Municipios pondera la salud como pol\u00edtica de estado"},"content":{"rendered":"<p>&nbsp;<\/p>\n<p>\u00b7 El secretario de Salud del estado, Omar G\u00f3mez Cruz, encabez\u00f3 la toma de protesta a los integrantes de la Mesa Directiva<\/p>\n<p>\u00b7 El subsecretario de Pol\u00edticas de Salud y Bienestar Poblacional federal, Ramiro L\u00f3pez Elizalde, expuso que Chiapas es ejemplo nacional en materia sanitaria porque la salud no es solo prevenci\u00f3n, es bienestar y calidad de vida<\/p>\n<p>&nbsp;<\/p>\n<p>Tuxtla Guti\u00e9rrez, Chiapas; 06 de marzo de 2025.- El secretario de Salud del estado, Omar G\u00f3mez Cruz, refrend\u00f3 su compromiso de gobernabilidad innovadora, responsabilidad, cooperaci\u00f3n y mayor coordinaci\u00f3n en la Nueva Era, para establecer estrategias que aborden las principales problem\u00e1ticas sanitarias en sinergia con los tres \u00f3rdenes de gobierno, esto durante la instalaci\u00f3n y toma de protesta de la Red Chiapaneca de Municipios por la Salud.<\/p>\n<p>&nbsp;<\/p>\n<p>El encargado de la pol\u00edtica sanitaria, Omar G\u00f3mez Cruz, acompa\u00f1ado del subsecretario de Pol\u00edticas de Salud y Bienestar Poblacional federal, Ramiro L\u00f3pez Elizalde, expuso que esta plataforma de la Red abona para que los municipios compartan trabajos y esfuerzos para el desarrollo de entornos favorables para la salud de las familias chiapanecas, abordando los problemas prioritarios de cada regi\u00f3n como el dengue, paludismo, salud materna e infantil, cloraci\u00f3n del agua y saneamiento b\u00e1sico de sus comunidades.<\/p>\n<p>&nbsp;<\/p>\n<p>Abund\u00f3 que la Red Chiapaneca de Municipios por la Salud busca que las y los presidentes municipales promuevan la cooperaci\u00f3n y alianza con las instituciones y organizaciones para el desarrollo de programas de trabajo intermunicipales, a fin de establecer v\u00ednculos de trabajo con las 10 jurisdicciones sanitarias, los Servicios P\u00fablicos de Salud IMSS-Bienestar y los comit\u00e9s municipales de salud para impulsar proyectos a favor de la salud de cada regi\u00f3n del estado.<\/p>\n<p>&nbsp;<\/p>\n<p>Por su parte, el subsecretario de Pol\u00edticas de Salud y Bienestar Poblacional federal, Ramiro L\u00f3pez Elizalde, extern\u00f3 su reconocimiento al Gobierno del Estado, al secretario de Salud, as\u00ed como a todas y todos los presidentes municipales por adoptar la salud como una pol\u00edtica de estado, siendo Chiapas ejemplo nacional en esta materia.<\/p>\n<p>&nbsp;<\/p>\n<p>\u201cLa salud no es solo prevenci\u00f3n, es bienestar y calidad de vida, es que la gente respire tranquilidad, que acuda a buscar atenci\u00f3n m\u00e9dica sin el temor de que un hospital les cierre las puertas o reciban un mal trato\u201d, mencion\u00f3.<\/p>\n<p>&nbsp;<\/p>\n<p>En ese mismo tenor, el presidente de la Red Chiapaneca, Francisco Augusto Borraz Ayar, alcalde de Venustiano Carranza, agradeci\u00f3 la confianza que los dem\u00e1s presidentes municipales depositaron en su persona y se comprometi\u00f3 a ser un guerrero m\u00e1s que trabajar\u00e1 en la Red y cumplir\u00e1 con los objetivos para gestionar proyectos para llevar salud a las y los ciudadanos.<\/p>\n<p>&nbsp;<\/p>\n<p>El presidente estar\u00e1 acompa\u00f1ado del vicepresidente de la Red, Andr\u00e9s Carballo C\u00f3rdova, presidente municipal de Pichucalco, y la secretaria de Acuerdos de la Red, Manuela Angelica M\u00e9ndez Cruz, presidenta municipal de Ocosingo.<\/p>\n<p>&nbsp;<\/p>\n<p>En el evento estuvieron presentes el coordinador de Vinculaci\u00f3n Estatal en la Direcci\u00f3n General del IMSS Bienestar, Gerardo Orantes Jord\u00e1n; el director de Salud P\u00fablica, Orlando Garc\u00eda Morales; el secretario de Salud municipal de Tuxtla Guti\u00e9rrez, Marco Antonio Ord\u00f3\u00f1ez Ju\u00e1rez; el coordinador estatal de los Servicios de Salud IMSS-Bienestar, Roberto S\u00e1nchez Moscoso; y el subdelegado m\u00e9dico del Instituto de Seguridad y Servicios Sociales de los Trabajadores del Estado, Carlos Alberto Dom\u00ednguez Maldonado.<\/p>\n","protected":false},"excerpt":{"rendered":"<p>&nbsp; \u00b7 El secretario de Salud del estado, Omar G\u00f3mez Cruz, encabez\u00f3 la toma de&#8230;<\/p>\n","protected":false},"author":2,"featured_media":31350,"comment_status":"closed","ping_status":"closed","sticky":false,"template":"","format":"standard","meta":{"_joinchat":[],"footnotes":""},"categories":[18,1,2,3],"tags":[],"class_list":["post-31349","post","type-post","status-publish","format-standard","has-post-thumbnail","hentry","category-almomento","category-boletin","category-estado","category-health"],"_links":{"self":[{"href":"https:\/\/icoinformativo.mx\/home\/index.php?rest_route=\/wp\/v2\/posts\/31349","targetHints":{"allow":["GET"]}}],"collection":[{"href":"https:\/\/icoinformativo.mx\/home\/index.php?rest_route=\/wp\/v2\/posts"}],"about":[{"href":"https:\/\/icoinformativo.mx\/home\/index.php?rest_route=\/wp\/v2\/types\/post"}],"author":[{"embeddable":true,"href":"https:\/\/icoinformativo.mx\/home\/index.php?rest_route=\/wp\/v2\/users\/2"}],"replies":[{"embeddable":true,"href":"https:\/\/icoinformativo.mx\/home\/index.php?rest_route=%2Fwp%2Fv2%2Fcomments&post=31349"}],"version-history":[{"count":1,"href":"https:\/\/icoinformativo.mx\/home\/index.php?rest_route=\/wp\/v2\/posts\/31349\/revisions"}],"predecessor-version":[{"id":31351,"href":"https:\/\/icoinformativo.mx\/home\/index.php?rest_route=\/wp\/v2\/posts\/31349\/revisions\/31351"}],"wp:featuredmedia":[{"embeddable":true,"href":"https:\/\/icoinformativo.mx\/home\/index.php?rest_route=\/wp\/v2\/media\/31350"}],"wp:attachment":[{"href":"https:\/\/icoinformativo.mx\/home\/index.php?rest_route=%2Fwp%2Fv2%2Fmedia&parent=31349"}],"wp:term":[{"taxonomy":"category","embeddable":true,"href":"https:\/\/icoinformativo.mx\/home\/index.php?rest_route=%2Fwp%2Fv2%2Fcategories&post=31349"},{"taxonomy":"post_tag","embeddable":true,"href":"https:\/\/icoinformativo.mx\/home\/index.php?rest_route=%2Fwp%2Fv2%2Ftags&post=31349"}],"curies":[{"name":"wp","href":"https:\/\/api.w.org\/{rel}","templated":true}]}}