{"id":31337,"date":"2025-03-06T02:30:28","date_gmt":"2025-03-06T02:30:28","guid":{"rendered":"https:\/\/icoinformativo.mx\/home\/?p=31337"},"modified":"2025-03-06T02:30:28","modified_gmt":"2025-03-06T02:30:28","slug":"en-pichucalco-llevan-a-cabo-la-integracion-del-comite-municipal-de-salud","status":"publish","type":"post","link":"https:\/\/icoinformativo.mx\/home\/?p=31337","title":{"rendered":"En Pichucalco llevan a cabo la Integraci\u00f3n del Comit\u00e9 Municipal de Salud."},"content":{"rendered":"<p>&nbsp;<\/p>\n<p>Durante su participaci\u00f3n, el Maestro Andr\u00e9s Carballo C\u00f3rdova destac\u00f3 la importancia de la instalaci\u00f3n y toma de protesta del Comit\u00e9 Municipal de Salud como un paso crucial para coordinar esfuerzos y mejorar la salud p\u00fablica de Pichucalco.<\/p>\n<p>&nbsp;<\/p>\n<p>El Comit\u00e9 Municipal de Salud P\u00fablica tiene como objetivo prevenir y atender emergencias epidemiol\u00f3gicas, as\u00ed como abordar problemas de salud p\u00fablica.<\/p>\n<p>&nbsp;<\/p>\n<p>En este contexto, el Gobierno de Pichucalco se considera un aliado indispensable para mejorar la salud, por su cercan\u00eda y contacto directo con la poblaci\u00f3n, lo que permite conocer sus necesidades.<\/p>\n<p>&nbsp;<\/p>\n<p>El mandatario municipal exhort\u00f3 a los integrantes del Comit\u00e9 de Salud P\u00fablica a actuar con responsabilidad. Carballo C\u00f3rdova dej\u00f3 claro que su compromiso siempre ser\u00e1 a favor de la salud de las familias, y como Presidente de la Red de Municipios por la Salud, su responsabilidad es trabajar de forma coordinada con las diferentes instituciones y municipios de la zona norte.<\/p>\n<p>&nbsp;<\/p>\n<p>Para finalizar, el ahora Presidente del Comit\u00e9 de Salud Municipal y Presidente de la Red de Municipios por la Salud, el Maestro Andr\u00e9s Carballo C\u00f3rdova, agradeci\u00f3 al Gobernador Eduardo Ram\u00edrez Aguilar, quien a trav\u00e9s del Secretario de Salud Omar G\u00f3mez Cruz, hizo posible que las caravanas de salud en Pichucalco fueran todo un \u00e9xito.<\/p>\n<p>&nbsp;<\/p>\n<p>Tambi\u00e9n agradeci\u00f3 al Doctor Guillermo Ituriel Gordillo Penagos, Jefe Jurisdiccional de la Regi\u00f3n V Norte, por estar pendientes del buen servicio de los convoyes de salud que estuvieron del 24 al 28 de febrero, prestando los servicios de: Consulta General (351), Odontolog\u00eda (105), Laboratorio (155), Mastograf\u00eda (89), Rayos X (151), Pediculosis (96), y Farmacia (363). Con estas acciones se contribuye a mejorar la salud de las familias de Pichucalco.<\/p>\n<p>&nbsp;<\/p>\n","protected":false},"excerpt":{"rendered":"<p>&nbsp; Durante su participaci\u00f3n, el Maestro Andr\u00e9s Carballo C\u00f3rdova destac\u00f3 la importancia de la instalaci\u00f3n&#8230;<\/p>\n","protected":false},"author":2,"featured_media":31338,"comment_status":"closed","ping_status":"closed","sticky":false,"template":"","format":"standard","meta":{"_joinchat":[],"footnotes":""},"categories":[18,1,2,3],"tags":[],"class_list":["post-31337","post","type-post","status-publish","format-standard","has-post-thumbnail","hentry","category-almomento","category-boletin","category-estado","category-health"],"_links":{"self":[{"href":"https:\/\/icoinformativo.mx\/home\/index.php?rest_route=\/wp\/v2\/posts\/31337","targetHints":{"allow":["GET"]}}],"collection":[{"href":"https:\/\/icoinformativo.mx\/home\/index.php?rest_route=\/wp\/v2\/posts"}],"about":[{"href":"https:\/\/icoinformativo.mx\/home\/index.php?rest_route=\/wp\/v2\/types\/post"}],"author":[{"embeddable":true,"href":"https:\/\/icoinformativo.mx\/home\/index.php?rest_route=\/wp\/v2\/users\/2"}],"replies":[{"embeddable":true,"href":"https:\/\/icoinformativo.mx\/home\/index.php?rest_route=%2Fwp%2Fv2%2Fcomments&post=31337"}],"version-history":[{"count":1,"href":"https:\/\/icoinformativo.mx\/home\/index.php?rest_route=\/wp\/v2\/posts\/31337\/revisions"}],"predecessor-version":[{"id":31339,"href":"https:\/\/icoinformativo.mx\/home\/index.php?rest_route=\/wp\/v2\/posts\/31337\/revisions\/31339"}],"wp:featuredmedia":[{"embeddable":true,"href":"https:\/\/icoinformativo.mx\/home\/index.php?rest_route=\/wp\/v2\/media\/31338"}],"wp:attachment":[{"href":"https:\/\/icoinformativo.mx\/home\/index.php?rest_route=%2Fwp%2Fv2%2Fmedia&parent=31337"}],"wp:term":[{"taxonomy":"category","embeddable":true,"href":"https:\/\/icoinformativo.mx\/home\/index.php?rest_route=%2Fwp%2Fv2%2Fcategories&post=31337"},{"taxonomy":"post_tag","embeddable":true,"href":"https:\/\/icoinformativo.mx\/home\/index.php?rest_route=%2Fwp%2Fv2%2Ftags&post=31337"}],"curies":[{"name":"wp","href":"https:\/\/api.w.org\/{rel}","templated":true}]}}