{"id":31328,"date":"2025-03-06T02:21:46","date_gmt":"2025-03-06T02:21:46","guid":{"rendered":"https:\/\/icoinformativo.mx\/home\/?p=31328"},"modified":"2025-03-06T02:21:46","modified_gmt":"2025-03-06T02:21:46","slug":"acuerdan-sagyp-y-unach-fortalecer-sanidad-y-exportacion-pecuaria-en-chiapas","status":"publish","type":"post","link":"https:\/\/icoinformativo.mx\/home\/?p=31328","title":{"rendered":"Acuerdan SAGyP y Unach fortalecer sanidad y exportaci\u00f3n pecuaria en Chiapas"},"content":{"rendered":"<p>&nbsp;<\/p>\n<p>El titular de la Secretar\u00eda de Agricultura, Ganader\u00eda y Pesca (SAGyP), Marco Antonio Barba Arrocha, se reuni\u00f3 con acad\u00e9micos de la Universidad Aut\u00f3noma de Chiapas (Unach) para definir estrategias que refuercen la certificaci\u00f3n sanitaria y faciliten la comercializaci\u00f3n de ganado, embriones y semen con Centroam\u00e9rica.<\/p>\n<p>&nbsp;<\/p>\n<p>El encuentro, realizado en la sede de la SAGyP, cont\u00f3 con la presencia del secretario acad\u00e9mico de la Unach, Florentino P\u00e9rez P\u00e9rez, y el director de la Facultad de Medicina Veterinaria y Zootecnia, Hern\u00e1n Mandujano Camacho. Se plante\u00f3 la creaci\u00f3n de un checklist que garantice el cumplimiento de est\u00e1ndares internacionales sin depender de laboratorios en otros estados, lo que agilizar\u00eda los procesos comerciales.<\/p>\n<p>&nbsp;<\/p>\n<p>La Unach a trav\u00e9s de su Facultad de Medicina Veterinaria y Zootecnia en Tuxtla Guti\u00e9rrez y la Escuela de Sistemas Costeros en Puerto Madero, colaborar\u00e1 en salud animal, diagn\u00f3stico de enfermedades, an\u00e1lisis gen\u00e9tico y elaboraci\u00f3n de protocolos sanitarios con enfoque en exportaci\u00f3n. Adem\u00e1s, la SAGyP implementar\u00e1 un barrido sanitario en cuatro municipios estrat\u00e9gicos para reforzar la bioseguridad.<\/p>\n<p>&nbsp;<\/p>\n<p>En el sector pesquero se promover\u00e1 la siembra de especies con alto valor productivo. Tambi\u00e9n se acord\u00f3 que la finca chiapaneca Santana ser\u00e1 utilizada como espacio de pr\u00e1cticas para estudiantes de medicina veterinaria, fortaleciendo su formaci\u00f3n en campo y la investigaci\u00f3n aplicada.<\/p>\n<p>&nbsp;<\/p>\n<p>En otro encuentro con acad\u00e9micos y organismos no gubernamentales se discuti\u00f3 la creaci\u00f3n de un modelo educativo especializado en gesti\u00f3n de fondos y financiamiento, con respaldo de una universidad que busca desarrollar una licenciatura en administraci\u00f3n de recursos agropecuarios. Esta iniciativa forma parte de una red internacional de cooperaci\u00f3n con presencia en 115 pa\u00edses, facilitando la vinculaci\u00f3n con actores globales.<\/p>\n<p>&nbsp;<\/p>\n<p>Se destac\u00f3 el papel del Observatorio Agropecuario que opera desde hace m\u00e1s de una d\u00e9cada recopilando informaci\u00f3n clave para la inversi\u00f3n en el sector. Adem\u00e1s de mapear organizaciones e instituciones vinculadas al desarrollo agropecuario, ha identificado tendencias y necesidades estrat\u00e9gicas para fortalecer la producci\u00f3n, comercializaci\u00f3n y sustentabilidad.<\/p>\n<p>&nbsp;<\/p>\n<p>Un tema prioritario fue el enfoque \u00abUna Sola Salud\u00bb, presentado por Vanessa Traconis Quevedo, de la Red de Salud. Se enfatiz\u00f3 la interconexi\u00f3n entre la salud humana, animal y ambiental, as\u00ed como la necesidad de estrategias preventivas contra enfermedades zoon\u00f3ticas y los efectos del cambio clim\u00e1tico en la seguridad agropecuaria.<\/p>\n<p>&nbsp;<\/p>\n<p>2 \/ 2<\/p>\n<p>En la reuni\u00f3n, donde tambi\u00e9n particip\u00f3 Yeni Hern\u00e1ndez S\u00e1nchez, presidenta de Coraz\u00f3n de Amor (CODEA), se mencion\u00f3 el impacto de la mala gesti\u00f3n de medicamentos veterinarios en pa\u00edses como India e Israel, donde se han documentado efectos adversos en la fauna.<\/p>\n<p>&nbsp;<\/p>\n<p>Asistieron tambi\u00e9n como parte del equipo del secretario de Agricultura, Ganader\u00eda y Pesca, el subsecretario de Ganader\u00eda, H\u00e9ctor Albores Cruz, y el asesor de la SAGyP, C\u00e9sar Antonio N\u00e1jera Tovar.<\/p>\n<p>&nbsp;<\/p>\n","protected":false},"excerpt":{"rendered":"<p>&nbsp; El titular de la Secretar\u00eda de Agricultura, Ganader\u00eda y Pesca (SAGyP), Marco Antonio Barba&#8230;<\/p>\n","protected":false},"author":2,"featured_media":31329,"comment_status":"closed","ping_status":"closed","sticky":false,"template":"","format":"standard","meta":{"_joinchat":[],"footnotes":""},"categories":[18,1,2,3],"tags":[],"class_list":["post-31328","post","type-post","status-publish","format-standard","has-post-thumbnail","hentry","category-almomento","category-boletin","category-estado","category-health"],"_links":{"self":[{"href":"https:\/\/icoinformativo.mx\/home\/index.php?rest_route=\/wp\/v2\/posts\/31328","targetHints":{"allow":["GET"]}}],"collection":[{"href":"https:\/\/icoinformativo.mx\/home\/index.php?rest_route=\/wp\/v2\/posts"}],"about":[{"href":"https:\/\/icoinformativo.mx\/home\/index.php?rest_route=\/wp\/v2\/types\/post"}],"author":[{"embeddable":true,"href":"https:\/\/icoinformativo.mx\/home\/index.php?rest_route=\/wp\/v2\/users\/2"}],"replies":[{"embeddable":true,"href":"https:\/\/icoinformativo.mx\/home\/index.php?rest_route=%2Fwp%2Fv2%2Fcomments&post=31328"}],"version-history":[{"count":1,"href":"https:\/\/icoinformativo.mx\/home\/index.php?rest_route=\/wp\/v2\/posts\/31328\/revisions"}],"predecessor-version":[{"id":31330,"href":"https:\/\/icoinformativo.mx\/home\/index.php?rest_route=\/wp\/v2\/posts\/31328\/revisions\/31330"}],"wp:featuredmedia":[{"embeddable":true,"href":"https:\/\/icoinformativo.mx\/home\/index.php?rest_route=\/wp\/v2\/media\/31329"}],"wp:attachment":[{"href":"https:\/\/icoinformativo.mx\/home\/index.php?rest_route=%2Fwp%2Fv2%2Fmedia&parent=31328"}],"wp:term":[{"taxonomy":"category","embeddable":true,"href":"https:\/\/icoinformativo.mx\/home\/index.php?rest_route=%2Fwp%2Fv2%2Fcategories&post=31328"},{"taxonomy":"post_tag","embeddable":true,"href":"https:\/\/icoinformativo.mx\/home\/index.php?rest_route=%2Fwp%2Fv2%2Ftags&post=31328"}],"curies":[{"name":"wp","href":"https:\/\/api.w.org\/{rel}","templated":true}]}}