{"id":31325,"date":"2025-03-06T02:19:07","date_gmt":"2025-03-06T02:19:07","guid":{"rendered":"https:\/\/icoinformativo.mx\/home\/?p=31325"},"modified":"2025-03-06T02:19:07","modified_gmt":"2025-03-06T02:19:07","slug":"gran-exito-de-la-campana-la-nueva-era-de-la-salud-visual-impulsada-por-el-isstech","status":"publish","type":"post","link":"https:\/\/icoinformativo.mx\/home\/?p=31325","title":{"rendered":"Gran \u00e9xito de la campa\u00f1a \u201cLa Nueva Era de la salud visual\u201d impulsada por el Isstech"},"content":{"rendered":"<p>&nbsp;<\/p>\n<p>\u00b7 El director general del Instituto destac\u00f3 el compromiso de la base trabajadora<\/p>\n<p>&nbsp;<\/p>\n<p>Con gran \u00e9xito, el Instituto de Seguridad Social de los Trabajadores del Estado de Chiapas (Isstech) llev\u00f3 a cabo la primera campa\u00f1a \u00abLa Nueva Era de la salud visual\u00bb, iniciativa que fue realizada en el Hospital de Especialidades \u201cVida Mejor\u201d con el objetivo de contribuir a la salud visual de la poblaci\u00f3n afiliada.<\/p>\n<p>&nbsp;<\/p>\n<p>El director general del Isstech, Armando Barrios Fierro, destac\u00f3 la importancia de este tipo de acciones y subray\u00f3 que cada campa\u00f1a e iniciativa tiene un solo prop\u00f3sito: cuidar de la salud de la base trabajadora y sus familias.<\/p>\n<p>&nbsp;<\/p>\n<p>Adem\u00e1s, resalt\u00f3 que estos esfuerzos reflejan el compromiso de la actual administraci\u00f3n, que encabeza el gobernador Eduardo Ram\u00edrez Aguilar, en mejorar la salud de la comunidad chiapaneca.<\/p>\n<p>&nbsp;<\/p>\n<p>El titular del Isstech agradeci\u00f3 el apoyo y respaldo del personal m\u00e9dico del Hospital, a quienes reconoci\u00f3 por su compromiso de estar en primera fila en la l\u00ednea de batalla en favor de la salud de la poblaci\u00f3n derechohabiente del Instituto.<\/p>\n<p>&nbsp;<\/p>\n<p>Asimismo, invit\u00f3 a las y los asistentes a aprovechar al m\u00e1ximo las oportunidades de atenci\u00f3n y prevenci\u00f3n que se ofrecen; adem\u00e1s, resalt\u00f3 que el bienestar visual es esencial para una vida activa y saludable.<\/p>\n<p>&nbsp;<\/p>\n<p>Cabe destacar que esta campa\u00f1a es una de las m\u00faltiples que ha lanzado el instituto en diversas cl\u00ednicas y hospitales de nuestra entidad.<\/p>\n<p>&nbsp;<\/p>\n","protected":false},"excerpt":{"rendered":"<p>&nbsp; \u00b7 El director general del Instituto destac\u00f3 el compromiso de la base trabajadora &nbsp;&#8230;<\/p>\n","protected":false},"author":2,"featured_media":31326,"comment_status":"closed","ping_status":"closed","sticky":false,"template":"","format":"standard","meta":{"_joinchat":[],"footnotes":""},"categories":[18,1,2,3],"tags":[],"class_list":["post-31325","post","type-post","status-publish","format-standard","has-post-thumbnail","hentry","category-almomento","category-boletin","category-estado","category-health"],"_links":{"self":[{"href":"https:\/\/icoinformativo.mx\/home\/index.php?rest_route=\/wp\/v2\/posts\/31325","targetHints":{"allow":["GET"]}}],"collection":[{"href":"https:\/\/icoinformativo.mx\/home\/index.php?rest_route=\/wp\/v2\/posts"}],"about":[{"href":"https:\/\/icoinformativo.mx\/home\/index.php?rest_route=\/wp\/v2\/types\/post"}],"author":[{"embeddable":true,"href":"https:\/\/icoinformativo.mx\/home\/index.php?rest_route=\/wp\/v2\/users\/2"}],"replies":[{"embeddable":true,"href":"https:\/\/icoinformativo.mx\/home\/index.php?rest_route=%2Fwp%2Fv2%2Fcomments&post=31325"}],"version-history":[{"count":1,"href":"https:\/\/icoinformativo.mx\/home\/index.php?rest_route=\/wp\/v2\/posts\/31325\/revisions"}],"predecessor-version":[{"id":31327,"href":"https:\/\/icoinformativo.mx\/home\/index.php?rest_route=\/wp\/v2\/posts\/31325\/revisions\/31327"}],"wp:featuredmedia":[{"embeddable":true,"href":"https:\/\/icoinformativo.mx\/home\/index.php?rest_route=\/wp\/v2\/media\/31326"}],"wp:attachment":[{"href":"https:\/\/icoinformativo.mx\/home\/index.php?rest_route=%2Fwp%2Fv2%2Fmedia&parent=31325"}],"wp:term":[{"taxonomy":"category","embeddable":true,"href":"https:\/\/icoinformativo.mx\/home\/index.php?rest_route=%2Fwp%2Fv2%2Fcategories&post=31325"},{"taxonomy":"post_tag","embeddable":true,"href":"https:\/\/icoinformativo.mx\/home\/index.php?rest_route=%2Fwp%2Fv2%2Ftags&post=31325"}],"curies":[{"name":"wp","href":"https:\/\/api.w.org\/{rel}","templated":true}]}}