{"id":31322,"date":"2025-03-06T02:16:26","date_gmt":"2025-03-06T02:16:26","guid":{"rendered":"https:\/\/icoinformativo.mx\/home\/?p=31322"},"modified":"2025-03-06T02:16:26","modified_gmt":"2025-03-06T02:16:26","slug":"patria-nueva-se-alfabetiza","status":"publish","type":"post","link":"https:\/\/icoinformativo.mx\/home\/?p=31322","title":{"rendered":"Patria Nueva se alfabetiza"},"content":{"rendered":"<p>&nbsp;<\/p>\n<p>Tuxtla Guti\u00e9rrez.- Como parte del arranque de los \u00abC\u00edrculos de Estudio de Alfabetizaci\u00f3n\u201d, que fueran formalizados por el gobernador de Chiapas, Eduardo Ram\u00edrez Aguilar, este mi\u00e9rcoles se llev\u00f3 a cabo una sesi\u00f3n muestra en la plaza comunitaria de la colonia Patria Nueva, con sede en la capital del estado.<\/p>\n<p>&nbsp;<\/p>\n<p>Dicha actividad cont\u00f3 con la participaci\u00f3n de un total de 191 educandos (hombres y mujeres) entre ellos 48 del nivel primaria, 114 de secundaria y 29 adultos a alfabetizarse; marco en el que se realiz\u00f3 adem\u00e1s la entrega de cuadernillos y \u00fatiles escolares qu\u00e9 servir\u00e1n para impulsar esta iniciativa mediante la que se busca erradicar el analfabetismo en la entidad.<\/p>\n<p>&nbsp;<\/p>\n<p>En este sentido, el programa de Alfabetizaci\u00f3n Chiapas Puede sigue consolid\u00e1ndose como una iniciativa que transforma vidas, permitiendo que m\u00e1s personas accedan a nuevas oportunidades a trav\u00e9s de la educaci\u00f3n.<\/p>\n<p>&nbsp;<\/p>\n<p>Con estas acciones, Chiapas avanza en la construcci\u00f3n de una sociedad m\u00e1s justa e igualitaria, donde la educaci\u00f3n se convierte en un pilar fundamental para el desarrollo personal y comunitario.<\/p>\n<p>&nbsp;<\/p>\n<p>El director del Instituto Chiapaneco de Educaci\u00f3n para J\u00f3venes y Adultos (Icheja), Sergio David Molina, reconoci\u00f3 en este marco el apoyo permanente que ha recibido del secretario de Educaci\u00f3n, Roger Mandujano, con quien, asever\u00f3, hoy se est\u00e1 trabajando de la mano como nunca se hab\u00eda hecho, destacando que todos los que se encuentran participando son una historia de vida de la que, sin duda, habr\u00e1 mucho que aprender.<\/p>\n<p>&nbsp;<\/p>\n<p>\u00abEstamos atendiendo al llamado del gobernador Eduardo Ram\u00edrez, quien nos ha pedido que nos enfoquemos en toda esa gente que no sabe leer ni escribir a lo largo y ancho del estado; y es por eso que hoy quiero que se sepa que a\u00fan est\u00e1 abierta la Beca Rosario Castellanos y que seguiremos atendiendo el rezago educativo\u00bb, concluy\u00f3<\/p>\n<p>&nbsp;<\/p>\n<p>El secretario de Educaci\u00f3n, Roger Mandujano, expres\u00f3 su benepl\u00e1cito al apreciar la participaci\u00f3n mayoritaria de mujeres en esta plaza comunitaria del Icheja, reconoci\u00e9ndolas en el marco de la pr\u00f3xima conmemoraci\u00f3n del D\u00eda Internacional de la Mujer, as\u00ed tambi\u00e9n lo hizo con las ni\u00f1as, ni\u00f1os, j\u00f3venes y personas adultas que est\u00e1n participando en este proceso de escolarizaci\u00f3n.<\/p>\n<p>&nbsp;<\/p>\n<p>Dijo que se trata de un gran esfuerzo que nunca antes se hab\u00eda hecho en la entidad, el que est\u00e1 realizando el gobernador Eduardo Ram\u00edrez, quien anunci\u00f3 el pasado 28 de febrero que una vez terminado el proceso de alfabetizaci\u00f3n, se continuar\u00e1 fortaleciendo a la educaci\u00f3n primaria y secundaria.<\/p>\n<p>Finalmente, el secretario de Educaci\u00f3n reconoci\u00f3 el trabajo que ha realizado el titular del Icheja, Sergio David Molina, quien, dijo, pasar\u00e1 a la historia como el director que m\u00e1s resultados, certificados y personas escolarizadas le dar\u00e1 al pueblo de Chiapas; un logro que, subray\u00f3, es del gobernador Eduardo Ram\u00edrez.<\/p>\n<p>&nbsp;<\/p>\n","protected":false},"excerpt":{"rendered":"<p>&nbsp; Tuxtla Guti\u00e9rrez.- Como parte del arranque de los \u00abC\u00edrculos de Estudio de Alfabetizaci\u00f3n\u201d, que&#8230;<\/p>\n","protected":false},"author":2,"featured_media":31323,"comment_status":"closed","ping_status":"closed","sticky":false,"template":"","format":"standard","meta":{"_joinchat":[],"footnotes":""},"categories":[18,1,2,3],"tags":[],"class_list":["post-31322","post","type-post","status-publish","format-standard","has-post-thumbnail","hentry","category-almomento","category-boletin","category-estado","category-health"],"_links":{"self":[{"href":"https:\/\/icoinformativo.mx\/home\/index.php?rest_route=\/wp\/v2\/posts\/31322","targetHints":{"allow":["GET"]}}],"collection":[{"href":"https:\/\/icoinformativo.mx\/home\/index.php?rest_route=\/wp\/v2\/posts"}],"about":[{"href":"https:\/\/icoinformativo.mx\/home\/index.php?rest_route=\/wp\/v2\/types\/post"}],"author":[{"embeddable":true,"href":"https:\/\/icoinformativo.mx\/home\/index.php?rest_route=\/wp\/v2\/users\/2"}],"replies":[{"embeddable":true,"href":"https:\/\/icoinformativo.mx\/home\/index.php?rest_route=%2Fwp%2Fv2%2Fcomments&post=31322"}],"version-history":[{"count":1,"href":"https:\/\/icoinformativo.mx\/home\/index.php?rest_route=\/wp\/v2\/posts\/31322\/revisions"}],"predecessor-version":[{"id":31324,"href":"https:\/\/icoinformativo.mx\/home\/index.php?rest_route=\/wp\/v2\/posts\/31322\/revisions\/31324"}],"wp:featuredmedia":[{"embeddable":true,"href":"https:\/\/icoinformativo.mx\/home\/index.php?rest_route=\/wp\/v2\/media\/31323"}],"wp:attachment":[{"href":"https:\/\/icoinformativo.mx\/home\/index.php?rest_route=%2Fwp%2Fv2%2Fmedia&parent=31322"}],"wp:term":[{"taxonomy":"category","embeddable":true,"href":"https:\/\/icoinformativo.mx\/home\/index.php?rest_route=%2Fwp%2Fv2%2Fcategories&post=31322"},{"taxonomy":"post_tag","embeddable":true,"href":"https:\/\/icoinformativo.mx\/home\/index.php?rest_route=%2Fwp%2Fv2%2Ftags&post=31322"}],"curies":[{"name":"wp","href":"https:\/\/api.w.org\/{rel}","templated":true}]}}