{"id":31319,"date":"2025-03-06T02:12:57","date_gmt":"2025-03-06T02:12:57","guid":{"rendered":"https:\/\/icoinformativo.mx\/home\/?p=31319"},"modified":"2025-03-06T02:12:57","modified_gmt":"2025-03-06T02:12:57","slug":"aditech-y-universidad-del-pais-innova-fortaleceran-la-proteccion-digital-en-chiapas","status":"publish","type":"post","link":"https:\/\/icoinformativo.mx\/home\/?p=31319","title":{"rendered":"Aditech y Universidad del Pa\u00eds Innova fortalecer\u00e1n la protecci\u00f3n digital en Chiapas"},"content":{"rendered":"<p>&nbsp;<\/p>\n<p>\u00b7 Llevar\u00e1n a cabo el Foro Estatal de Ciberseguridad, el pr\u00f3ximo lunes 10 de marzo, en las instalaciones del Museo Chiapas de Ciencia y Tecnolog\u00eda<\/p>\n<p>&nbsp;<\/p>\n<p>Tuxtla Guti\u00e9rrez, Chiapas. \u2013 La Agencia Digital Tecnol\u00f3gica del Estado de Chiapas (Aditech), en coordinaci\u00f3n con la Universidad del Pa\u00eds Innova, realizar\u00e1 el Foro Estatal de Ciberseguridad, un espacio que reunir\u00e1 a expertos, autoridades y sociedad civil para analizar los desaf\u00edos y soluciones en materia de protecci\u00f3n digital.<\/p>\n<p>&nbsp;<\/p>\n<p>El evento se llevar\u00e1 a cabo el lunes 10 de marzo en las instalaciones del Museo Chiapas de Ciencia y Tecnolog\u00eda (MUCH), ubicado en Calzada Cerro Hueco No. 3000, Colonia Cerro Hueco, Tuxtla Guti\u00e9rrez.<\/p>\n<p>&nbsp;<\/p>\n<p>El titular de Aditech, Jovani Salazar Ruiz, destac\u00f3 que en un mundo cada vez m\u00e1s conectado, la ciberseguridad se ha convertido en un tema prioritario tanto para la sociedad civil como para las dependencias y entidades de la administraci\u00f3n p\u00fablica estatal.<\/p>\n<p>&nbsp;<\/p>\n<p>\u201cEl foro busca examinar los elementos clave que destacan la relevancia de la protecci\u00f3n de la informaci\u00f3n y los recursos tecnol\u00f3gicos, promoviendo buenas pr\u00e1cticas y estrategias para enfrentar los riesgos cibern\u00e9ticos\u201d, afirm\u00f3.<\/p>\n<p>&nbsp;<\/p>\n<p>Se contar\u00e1 con la presencia de titulares de las Unidades de Inform\u00e1tica y responsables de ciberseguridad de las dependencias y entidades de la administraci\u00f3n p\u00fablica estatal, titulares de las Unidades de Inform\u00e1tica de los Ayuntamientos, representantes de las C\u00e1maras de Comercio y estudiantes de carreras afines a las tecnolog\u00edas de la informaci\u00f3n.<\/p>\n<p>&nbsp;<\/p>\n<p>Tambi\u00e9n periodistas digitales; integrantes del Consejo Consultivo Cient\u00edfico y Tecnol\u00f3gico; miembros de la Comisi\u00f3n T\u00e9cnica de Formaci\u00f3n de Cient\u00edficos y Tecn\u00f3logos e integrantes de la Comisi\u00f3n T\u00e9cnica del Sistema Estatal de Investigadores.<\/p>\n<p>&nbsp;<\/p>\n<p>Durante el foro se llevar\u00e1n a cabo las siguientes actividades: presentaci\u00f3n de pol\u00edticas en materia de seguridad de la informaci\u00f3n, es decir, un an\u00e1lisis de las estrategias actuales y futuras para garantizar la protecci\u00f3n de datos, as\u00ed como la presentaci\u00f3n de un diagn\u00f3stico de ciberseguridad en Chiapas, un informe detallado sobre el estado actual de la ciberseguridad en la entidad.<\/p>\n<p>&nbsp;<\/p>\n<p>Se realizar\u00e1 una mesa de an\u00e1lisis con expertos en donde participar\u00e1n representantes de instituciones como el Cinvestav, Secretar\u00eda de Seguridad del Pueblo y la Universidad del Pa\u00eds Innova, quienes compartir\u00e1n sus conocimientos y experiencias. Asimismo, el Taller \u201cPol\u00edticas, herramientas y buenas pr\u00e1cticas en ciberseguridad\u201d, con valor curricular para<\/p>\n<p>2 \/ 2<\/p>\n<p>capacitar a las y los asistentes en la implementaci\u00f3n de medidas efectivas de protecci\u00f3n digital.<\/p>\n<p>&nbsp;<\/p>\n<p>El Foro estatal de ciberseguridad representa una oportunidad \u00fanica para fortalecer la colaboraci\u00f3n entre el sector p\u00fablico, privado y acad\u00e9mico, con el objetivo de construir un entorno digital m\u00e1s seguro para todos los chiapanecos. \u00a1La entrada es gratuita, no te lo pierdas! Inscr\u00edbete en https:\/\/forociberseguridad.chiapas.gob.mx. Para mayores informes escribe al WhatsApp: 961 29 7 99 93.<\/p>\n<p>&nbsp;<\/p>\n","protected":false},"excerpt":{"rendered":"<p>&nbsp; \u00b7 Llevar\u00e1n a cabo el Foro Estatal de Ciberseguridad, el pr\u00f3ximo lunes 10 de&#8230;<\/p>\n","protected":false},"author":2,"featured_media":31320,"comment_status":"closed","ping_status":"closed","sticky":false,"template":"","format":"standard","meta":{"_joinchat":[],"footnotes":""},"categories":[18,1,2,3],"tags":[],"class_list":["post-31319","post","type-post","status-publish","format-standard","has-post-thumbnail","hentry","category-almomento","category-boletin","category-estado","category-health"],"_links":{"self":[{"href":"https:\/\/icoinformativo.mx\/home\/index.php?rest_route=\/wp\/v2\/posts\/31319","targetHints":{"allow":["GET"]}}],"collection":[{"href":"https:\/\/icoinformativo.mx\/home\/index.php?rest_route=\/wp\/v2\/posts"}],"about":[{"href":"https:\/\/icoinformativo.mx\/home\/index.php?rest_route=\/wp\/v2\/types\/post"}],"author":[{"embeddable":true,"href":"https:\/\/icoinformativo.mx\/home\/index.php?rest_route=\/wp\/v2\/users\/2"}],"replies":[{"embeddable":true,"href":"https:\/\/icoinformativo.mx\/home\/index.php?rest_route=%2Fwp%2Fv2%2Fcomments&post=31319"}],"version-history":[{"count":1,"href":"https:\/\/icoinformativo.mx\/home\/index.php?rest_route=\/wp\/v2\/posts\/31319\/revisions"}],"predecessor-version":[{"id":31321,"href":"https:\/\/icoinformativo.mx\/home\/index.php?rest_route=\/wp\/v2\/posts\/31319\/revisions\/31321"}],"wp:featuredmedia":[{"embeddable":true,"href":"https:\/\/icoinformativo.mx\/home\/index.php?rest_route=\/wp\/v2\/media\/31320"}],"wp:attachment":[{"href":"https:\/\/icoinformativo.mx\/home\/index.php?rest_route=%2Fwp%2Fv2%2Fmedia&parent=31319"}],"wp:term":[{"taxonomy":"category","embeddable":true,"href":"https:\/\/icoinformativo.mx\/home\/index.php?rest_route=%2Fwp%2Fv2%2Fcategories&post=31319"},{"taxonomy":"post_tag","embeddable":true,"href":"https:\/\/icoinformativo.mx\/home\/index.php?rest_route=%2Fwp%2Fv2%2Ftags&post=31319"}],"curies":[{"name":"wp","href":"https:\/\/api.w.org\/{rel}","templated":true}]}}