{"id":31316,"date":"2025-03-06T02:02:49","date_gmt":"2025-03-06T02:02:49","guid":{"rendered":"https:\/\/icoinformativo.mx\/home\/?p=31316"},"modified":"2025-03-06T02:02:49","modified_gmt":"2025-03-06T02:02:49","slug":"cobach-realiza-reunion-de-evaluacion-con-coordinadores-de-zona","status":"publish","type":"post","link":"https:\/\/icoinformativo.mx\/home\/?p=31316","title":{"rendered":"Cobach realiza reuni\u00f3n de evaluaci\u00f3n con coordinadores de zona"},"content":{"rendered":"<p>\u00b7 Destacan que la pacificaci\u00f3n en las regiones de Chiapas coadyuva al proceso formativo de la comunidad estudiantil<\/p>\n<p>&nbsp;<\/p>\n<p>Tuxtla Guti\u00e9rrez, Chiapas; 4 de marzo 2025.- Con el objetivo de fortalecer las acciones basadas en la planeaci\u00f3n estrat\u00e9gica, el Colegio de Bachilleres de Chiapas (Cobach) llev\u00f3 a cabo una reuni\u00f3n de trabajo de dos d\u00edas en las Oficinas Centrales, con la participaci\u00f3n del cuerpo directivo y titulares de las nueve coordinaciones de zona que conforman la instituci\u00f3n.<\/p>\n<p>Durante la inauguraci\u00f3n del evento, el director general, Miguel Prado de los Santos, exhort\u00f3 a las y los asistentes a priorizar la transparencia y la rendici\u00f3n de cuentas mediante un uso adecuado de los recursos, adem\u00e1s de aprovechar al m\u00e1ximo cada elemento para consolidar al Cobach como la mejor instituci\u00f3n de Educaci\u00f3n Media Superior en el estado en beneficio de la comunidad educativa.<\/p>\n<p>Prado de los Santos se refiri\u00f3 a las instrucciones del gobernador Eduardo Ram\u00edrez en el sentido de trabajar apegados a la normativa y a redoblar el esfuerzo para sacar adelante los temas educativos.<\/p>\n<p>\u201cConf\u00edo plenamente en el talento de ustedes, por lo que estamos instruyendo a la Direcci\u00f3n Acad\u00e9mica que se aboque a la Coordinaci\u00f3n de Zona Sierra Fronteriza para dar seguimiento al retorno presencial de las actividades de aquellos centros escolares que fueron afectados por la violencia y la inseguridad, y que a\u00fan faltan por incorporarse a sus labores\u201d, puntualiz\u00f3.<\/p>\n<p>En esta reuni\u00f3n participaron directivos de cada \u00e1rea, as\u00ed como las nueve coordinaciones de zona con sus respectivo personal de apoyo, en donde se abordaron temas acad\u00e9micos, administrativos y formativos, enfocados en garantizar procesos exitosos y en optimizar el desempe\u00f1o institucional.<\/p>\n<p>En esta jornada de trabajo las y los coordinadores presentaron las particularidades de las regiones en donde se encuentran ubicados los centros educativos, agradeciendo a las autoridades gubernamentales cada una de las acciones enfocadas a la pacificaci\u00f3n de Chiapas y de los chiapanecos, lo que contribuye en gran manera al logro de los objetivos deseados.<\/p>\n<p>Con acciones como esta, el Cobach reafirma su compromiso con la calidad educativa y el bienestar de estudiantes, docentes y personal administrativo, fortaleciendo su papel como referente de excelencia en Chiapas.<\/p>\n<p>&nbsp;<\/p>\n","protected":false},"excerpt":{"rendered":"<p>\u00b7 Destacan que la pacificaci\u00f3n en las regiones de Chiapas coadyuva al proceso formativo de&#8230;<\/p>\n","protected":false},"author":2,"featured_media":31317,"comment_status":"closed","ping_status":"closed","sticky":false,"template":"","format":"standard","meta":{"_joinchat":[],"footnotes":""},"categories":[18,1,2,3],"tags":[],"class_list":["post-31316","post","type-post","status-publish","format-standard","has-post-thumbnail","hentry","category-almomento","category-boletin","category-estado","category-health"],"_links":{"self":[{"href":"https:\/\/icoinformativo.mx\/home\/index.php?rest_route=\/wp\/v2\/posts\/31316","targetHints":{"allow":["GET"]}}],"collection":[{"href":"https:\/\/icoinformativo.mx\/home\/index.php?rest_route=\/wp\/v2\/posts"}],"about":[{"href":"https:\/\/icoinformativo.mx\/home\/index.php?rest_route=\/wp\/v2\/types\/post"}],"author":[{"embeddable":true,"href":"https:\/\/icoinformativo.mx\/home\/index.php?rest_route=\/wp\/v2\/users\/2"}],"replies":[{"embeddable":true,"href":"https:\/\/icoinformativo.mx\/home\/index.php?rest_route=%2Fwp%2Fv2%2Fcomments&post=31316"}],"version-history":[{"count":1,"href":"https:\/\/icoinformativo.mx\/home\/index.php?rest_route=\/wp\/v2\/posts\/31316\/revisions"}],"predecessor-version":[{"id":31318,"href":"https:\/\/icoinformativo.mx\/home\/index.php?rest_route=\/wp\/v2\/posts\/31316\/revisions\/31318"}],"wp:featuredmedia":[{"embeddable":true,"href":"https:\/\/icoinformativo.mx\/home\/index.php?rest_route=\/wp\/v2\/media\/31317"}],"wp:attachment":[{"href":"https:\/\/icoinformativo.mx\/home\/index.php?rest_route=%2Fwp%2Fv2%2Fmedia&parent=31316"}],"wp:term":[{"taxonomy":"category","embeddable":true,"href":"https:\/\/icoinformativo.mx\/home\/index.php?rest_route=%2Fwp%2Fv2%2Fcategories&post=31316"},{"taxonomy":"post_tag","embeddable":true,"href":"https:\/\/icoinformativo.mx\/home\/index.php?rest_route=%2Fwp%2Fv2%2Ftags&post=31316"}],"curies":[{"name":"wp","href":"https:\/\/api.w.org\/{rel}","templated":true}]}}