{"id":31311,"date":"2025-03-06T01:55:43","date_gmt":"2025-03-06T01:55:43","guid":{"rendered":"https:\/\/icoinformativo.mx\/home\/?p=31311"},"modified":"2025-03-06T01:59:16","modified_gmt":"2025-03-06T01:59:16","slug":"31311","status":"publish","type":"post","link":"https:\/\/icoinformativo.mx\/home\/?p=31311","title":{"rendered":"Gobierno de Chiapas fortalece la participaci\u00f3n ciudadana en el foro \u00abUn Gobierno Humanista para el Pueblo Chiapaneco\u00bb"},"content":{"rendered":"<p>&nbsp;<\/p>\n<p>Gobierno de Chiapas fortalece la participaci\u00f3n ciudadana en el foro \u00abUn Gobierno Humanista para el Pueblo Chiapaneco\u00bb<\/p>\n<p>&nbsp;<\/p>\n<p>\u00b7 Encabezaron el evento la secretaria general de Gobierno y Mediaci\u00f3n, Patricia del Carmen Conde Ruiz, y el secretario de Finanzas, Manuel Francisco Antonio Pariente Gavito<\/p>\n<p>\u00b7 El coordinador de Asesores de la Oficina de la Gubernatura, Juan Carlos G\u00f3mez Aranda, destac\u00f3 la importancia de este foro en la construcci\u00f3n del Plan Estatal de Desarrollo<\/p>\n<p>&nbsp;<\/p>\n<p>Con el objetivo de fortalecer la gobernanza participativa y el desarrollo sostenible en la entidad, la Secretar\u00eda General de Gobierno y Mediaci\u00f3n, en conjunto con la Secretar\u00eda de Finanzas, organiz\u00f3 el foro \u00abUn Gobierno Humanista para el Pueblo Chiapaneco\u00bb. Este espacio de di\u00e1logo permiti\u00f3 la reflexi\u00f3n entre autoridades, acad\u00e9micos y representantes del sector empresarial sobre los principales retos y oportunidades para la construcci\u00f3n de un estado m\u00e1s justo e incluyente.<\/p>\n<p>&nbsp;<\/p>\n<p>El evento fue encabezado por la secretaria general de Gobierno y Mediaci\u00f3n, Patricia del Carmen Conde Ruiz, y el secretario de Finanzas, Manuel Francisco Antonio Pariente Gavito. Ambos coincidieron en la importancia de generar pol\u00edticas p\u00fablicas basadas en la participaci\u00f3n ciudadana para mejorar la administraci\u00f3n y el bienestar de la sociedad chiapaneca.<\/p>\n<p>&nbsp;<\/p>\n<p>En su intervenci\u00f3n, Conde Ruiz destac\u00f3 que el gobierno estatal trabaja bajo un modelo humanista en el que la cercan\u00eda con la ciudadan\u00eda es clave para la toma de decisiones.<\/p>\n<p>&nbsp;<\/p>\n<p>\u00abLa Secretar\u00eda General de Gobierno y Mediaci\u00f3n cree firmemente que la voz de la ciudadan\u00eda es fundamental para fortalecer nuestra democracia y asegurar que las decisiones que tomamos reflejen las necesidades y aspiraciones de nuestra comunidad. El gobierno encabezado por el gobernador Eduardo Ram\u00edrez est\u00e1 enfocado en atender las necesidades m\u00e1s apremiantes de la poblaci\u00f3n\u00bb, enfatiz\u00f3.<\/p>\n<p>&nbsp;<\/p>\n<p>Por su parte, Pariente Gavito subray\u00f3 que estos espacios de di\u00e1logo permiten consolidar un gobierno m\u00e1s eficiente y responsable con la administraci\u00f3n de los recursos p\u00fablicos.<\/p>\n<p>&nbsp;<\/p>\n<p>\u00abLa planeaci\u00f3n estrat\u00e9gica es esencial para el crecimiento de Chiapas. Con foros como este garantizamos que las acciones del gobierno est\u00e9n alineadas con las necesidades reales de la sociedad, y se traduzcan en bienestar para todos los chiapanecos\u00bb, afirm\u00f3.<\/p>\n<p>&nbsp;<\/p>\n<p>El coordinador de Asesores de la Oficina de la Gubernatura, Juan Carlos G\u00f3mez Aranda, destac\u00f3 que este foro representa un paso clave en la integraci\u00f3n del Plan Estatal de Desarrollo, en cumplimiento con la Ley de Planeaci\u00f3n del Estado.<\/p>\n<p>&nbsp;<\/p>\n<p>\u00abHoy damos continuidad a los di\u00e1logos con esta segunda etapa de los foros, en cumplimiento con la Ley de Planeaci\u00f3n del Estado. En los pr\u00f3ximos d\u00edas se llevar\u00e1n a cabo 42 mesas de trabajo en las que la voz de la ciudadan\u00eda ser\u00e1 escuchada y tomada en cuenta\u00bb, se\u00f1al\u00f3.<\/p>\n<p>&nbsp;<\/p>\n<p>El servidor del pueblo enfatiz\u00f3 que este ejercicio de consulta marcar\u00e1 el rumbo de la administraci\u00f3n estatal. \u00abSus ideas quedar\u00e1n reflejadas cuando, en dos meses, el gobernador env\u00ede al Congreso el Plan Estatal de Desarrollo que ser\u00e1 la gu\u00eda para los pr\u00f3ximos a\u00f1os\u00bb, afirm\u00f3.<\/p>\n<p>&nbsp;<\/p>\n<p>Este foro marca un paso importante en el proceso de construcci\u00f3n de un Chiapas m\u00e1s justo e incluyente. Al seguir promoviendo espacios de participaci\u00f3n y colaboraci\u00f3n, el Gobierno del Estado reafirma su compromiso de escuchar a la ciudadan\u00eda y trabajar de la mano con ella para dise\u00f1ar pol\u00edticas p\u00fablicas que respondan a sus verdaderas necesidades, tal como lo ha instruido el gobernador Eduardo Ram\u00edrez Aguilar, consolidando un futuro de bienestar y justicia social para todas y todos.<\/p>\n<p>&nbsp;<\/p>\n","protected":false},"excerpt":{"rendered":"<p>&nbsp; Gobierno de Chiapas fortalece la participaci\u00f3n ciudadana en el foro \u00abUn Gobierno Humanista para&#8230;<\/p>\n","protected":false},"author":2,"featured_media":31312,"comment_status":"closed","ping_status":"closed","sticky":false,"template":"","format":"standard","meta":{"_joinchat":[],"footnotes":""},"categories":[18,1,2,3],"tags":[],"class_list":["post-31311","post","type-post","status-publish","format-standard","has-post-thumbnail","hentry","category-almomento","category-boletin","category-estado","category-health"],"_links":{"self":[{"href":"https:\/\/icoinformativo.mx\/home\/index.php?rest_route=\/wp\/v2\/posts\/31311","targetHints":{"allow":["GET"]}}],"collection":[{"href":"https:\/\/icoinformativo.mx\/home\/index.php?rest_route=\/wp\/v2\/posts"}],"about":[{"href":"https:\/\/icoinformativo.mx\/home\/index.php?rest_route=\/wp\/v2\/types\/post"}],"author":[{"embeddable":true,"href":"https:\/\/icoinformativo.mx\/home\/index.php?rest_route=\/wp\/v2\/users\/2"}],"replies":[{"embeddable":true,"href":"https:\/\/icoinformativo.mx\/home\/index.php?rest_route=%2Fwp%2Fv2%2Fcomments&post=31311"}],"version-history":[{"count":3,"href":"https:\/\/icoinformativo.mx\/home\/index.php?rest_route=\/wp\/v2\/posts\/31311\/revisions"}],"predecessor-version":[{"id":31315,"href":"https:\/\/icoinformativo.mx\/home\/index.php?rest_route=\/wp\/v2\/posts\/31311\/revisions\/31315"}],"wp:featuredmedia":[{"embeddable":true,"href":"https:\/\/icoinformativo.mx\/home\/index.php?rest_route=\/wp\/v2\/media\/31312"}],"wp:attachment":[{"href":"https:\/\/icoinformativo.mx\/home\/index.php?rest_route=%2Fwp%2Fv2%2Fmedia&parent=31311"}],"wp:term":[{"taxonomy":"category","embeddable":true,"href":"https:\/\/icoinformativo.mx\/home\/index.php?rest_route=%2Fwp%2Fv2%2Fcategories&post=31311"},{"taxonomy":"post_tag","embeddable":true,"href":"https:\/\/icoinformativo.mx\/home\/index.php?rest_route=%2Fwp%2Fv2%2Ftags&post=31311"}],"curies":[{"name":"wp","href":"https:\/\/api.w.org\/{rel}","templated":true}]}}