{"id":31308,"date":"2025-03-06T01:52:16","date_gmt":"2025-03-06T01:52:16","guid":{"rendered":"https:\/\/icoinformativo.mx\/home\/?p=31308"},"modified":"2025-03-06T01:52:16","modified_gmt":"2025-03-06T01:52:16","slug":"egresado-del-cecyt-27-huixtan-realiza-estancia-academica-en-eslovaquia","status":"publish","type":"post","link":"https:\/\/icoinformativo.mx\/home\/?p=31308","title":{"rendered":"Egresado del CECyT 27 Huixt\u00e1n realiza estancia acad\u00e9mica en Eslovaquia"},"content":{"rendered":"<p>&nbsp;<\/p>\n<p>\u00b7 Actualmente es estudiante de la Escuela de Lenguas de la Unach, Campus San Crist\u00f3bal de Las Casas, y se encuentra estudiando en la Pan-European University en Eslovaquia<\/p>\n<p>&nbsp;<\/p>\n<p>Huixt\u00e1n, Chiapas.- El estudiante egresado del Colegio de Estudios Cient\u00edficos y Tecnol\u00f3gicos del Estado de Chiapas (Cecytech), plantel 27, ubicado en el municipio de Huixt\u00e1n, Ricardo Santiz Caverino, fue seleccionado como uno de los 35 alumnos que estudian en el extranjero gracias al Programa de Movilidad e Intercambio Acad\u00e9mico que ofrece la Universidad Aut\u00f3noma de Chiapas (Unach), el cual se lleva a cabo en la Rep\u00fablica Eslovaca.<\/p>\n<p>&nbsp;<\/p>\n<p>Santiz Caverino es egresado de la generaci\u00f3n 2017-2020 en la especialidad de Suelos y Fertilizantes. Actualmente, estudia en la Escuela de Lenguas de la Unach, Campus San Crist\u00f3bal de Las Casas, y durante el semestre en curso realiza una estancia acad\u00e9mica en la Pan-European University en Eslovaquia.<\/p>\n<p>&nbsp;<\/p>\n<p>Destac\u00f3 que su inter\u00e9s por conocer una nueva cultura y ampliar sus conocimientos refleja su determinaci\u00f3n por crecer acad\u00e9micamente. Adem\u00e1s, su lengua materna, el tsotsil, lo convierte en un orgullo para su comunidad demostrando que la educaci\u00f3n es clave para el desarrollo y la integraci\u00f3n cultural.<\/p>\n<p>&nbsp;<\/p>\n<p>Adem\u00e1s, expres\u00f3 que los valores que aprendi\u00f3 en el plantel y el apoyo de sus docentes han sido fundamentales para guiarlo hacia nuevas oportunidades, pues la educaci\u00f3n es una herramienta poderosa para alcanzar los sue\u00f1os y contribuir al desarrollo de Chiapas.<\/p>\n<p>&nbsp;<\/p>\n<p>Finalmente, reconoci\u00f3 a su familia por el impulso y el apoyo incondicional que le brindaron a lo largo de su formaci\u00f3n permiti\u00e9ndole avanzar con determinaci\u00f3n hacia sus metas, resaltando que el respaldo familiar es fundamental para enfrentar los desaf\u00edos acad\u00e9micos y alcanzar nuevos horizontes.<\/p>\n<p>&nbsp;<\/p>\n","protected":false},"excerpt":{"rendered":"<p>&nbsp; \u00b7 Actualmente es estudiante de la Escuela de Lenguas de la Unach, Campus San&#8230;<\/p>\n","protected":false},"author":2,"featured_media":31309,"comment_status":"closed","ping_status":"closed","sticky":false,"template":"","format":"standard","meta":{"_joinchat":[],"footnotes":""},"categories":[18,1,2,3],"tags":[],"class_list":["post-31308","post","type-post","status-publish","format-standard","has-post-thumbnail","hentry","category-almomento","category-boletin","category-estado","category-health"],"_links":{"self":[{"href":"https:\/\/icoinformativo.mx\/home\/index.php?rest_route=\/wp\/v2\/posts\/31308","targetHints":{"allow":["GET"]}}],"collection":[{"href":"https:\/\/icoinformativo.mx\/home\/index.php?rest_route=\/wp\/v2\/posts"}],"about":[{"href":"https:\/\/icoinformativo.mx\/home\/index.php?rest_route=\/wp\/v2\/types\/post"}],"author":[{"embeddable":true,"href":"https:\/\/icoinformativo.mx\/home\/index.php?rest_route=\/wp\/v2\/users\/2"}],"replies":[{"embeddable":true,"href":"https:\/\/icoinformativo.mx\/home\/index.php?rest_route=%2Fwp%2Fv2%2Fcomments&post=31308"}],"version-history":[{"count":1,"href":"https:\/\/icoinformativo.mx\/home\/index.php?rest_route=\/wp\/v2\/posts\/31308\/revisions"}],"predecessor-version":[{"id":31310,"href":"https:\/\/icoinformativo.mx\/home\/index.php?rest_route=\/wp\/v2\/posts\/31308\/revisions\/31310"}],"wp:featuredmedia":[{"embeddable":true,"href":"https:\/\/icoinformativo.mx\/home\/index.php?rest_route=\/wp\/v2\/media\/31309"}],"wp:attachment":[{"href":"https:\/\/icoinformativo.mx\/home\/index.php?rest_route=%2Fwp%2Fv2%2Fmedia&parent=31308"}],"wp:term":[{"taxonomy":"category","embeddable":true,"href":"https:\/\/icoinformativo.mx\/home\/index.php?rest_route=%2Fwp%2Fv2%2Fcategories&post=31308"},{"taxonomy":"post_tag","embeddable":true,"href":"https:\/\/icoinformativo.mx\/home\/index.php?rest_route=%2Fwp%2Fv2%2Ftags&post=31308"}],"curies":[{"name":"wp","href":"https:\/\/api.w.org\/{rel}","templated":true}]}}