{"id":31298,"date":"2025-03-03T02:21:49","date_gmt":"2025-03-03T02:21:49","guid":{"rendered":"https:\/\/icoinformativo.mx\/home\/?p=31298"},"modified":"2025-03-03T02:21:49","modified_gmt":"2025-03-03T02:21:49","slug":"eduardo-ramirez-y-el-pueblo-de-ocozocoautla-viven-el-carnaval-zoque-coiteco","status":"publish","type":"post","link":"https:\/\/icoinformativo.mx\/home\/?p=31298","title":{"rendered":"Eduardo Ram\u00edrez y el pueblo de Ocozocoautla viven el Carnaval Zoque Coiteco"},"content":{"rendered":"<p style=\"font-weight: 400;\">\n<p style=\"font-weight: 400;\">\n<p style=\"font-weight: 400;\">El sonido de la marimba y la m\u00fasica folcl\u00f3rica inundan las calles de Ocozocoautla de Espinosa. Una nube blanca de harina y talco se alza en el aire mientras los gritos de \u201c\u00a1jule, jule!\u201d resuenan entre la multitud. Es el Carnaval Zoque Coiteco, una de las festividades m\u00e1s representativas de Chiapas, donde la tradici\u00f3n, el misticismo, y la alegr\u00eda se entrelazan en una celebraci\u00f3n \u00fanica.<\/p>\n<p style=\"font-weight: 400;\">\n<p style=\"font-weight: 400;\">El gobernador Eduardo Ram\u00edrez Aguilar se convirti\u00f3 en un coiteco m\u00e1s. Ataviado como Mahoma de Natividad Goliat, una de las figuras m\u00e1s emblem\u00e1ticas de la festividad, recorri\u00f3 las calles de este Pueblo M\u00e1gico, acompa\u00f1ado de la se\u00f1ora Sof\u00eda Espinoza, familias locales y visitantes, todos envueltos en la atm\u00f3sfera de colores, sonidos y simbolismos que caracterizan a esta festividad ancestral.<\/p>\n<p style=\"font-weight: 400;\">\n<p style=\"font-weight: 400;\">La algarab\u00eda es total: vestidos con sus trajes coloridos y llenos de historia, desfilan personajes que representan rostros humanos o animales, combinando m\u00e1scaras, listones y accesorios; mientras las coitequitas y correlonas invitan a la gente a sumarse al carnaval, regalando dulces, sonrisas y \u201ccuraditos\u201d. El mandatario no solo presenci\u00f3 la fiesta, sino que vivi\u00f3 su esencia: bail\u00f3, grit\u00f3 y particip\u00f3 en la \u201cguerra de talco y harina\u201d, que representa la purificaci\u00f3n del alma y la bienvenida al carnaval.<\/p>\n<p style=\"font-weight: 400;\">\n<p style=\"font-weight: 400;\">\u201cHoy no estoy aqu\u00ed como gobernador, sino como alguien que ama las tradiciones y festividades que nos identifican como chiapanecas y chiapanecos, que las lleva en el coraz\u00f3n, expres\u00f3 al final del recorrido, completamente empolvado, pero con una sonrisa que reflejaba la emoci\u00f3n del momento.<\/p>\n<p style=\"font-weight: 400;\">\n<p style=\"font-weight: 400;\">El carnaval no es solo fiesta, es historia viva. Su origen se remonta a los rituales prehisp\u00e1nicos dedicados a Tajaj Jama, que en lengua zoque significa el Padre Sol, deidad central en la cosmovisi\u00f3n zoque. En la antig\u00fcedad se realizaban ofrendas y plegarias para la prosperidad, cosechas abundantes y protecci\u00f3n contra desastres, ceremonias que, con la llegada de los conquistadores espa\u00f1oles, se transformaron y fusionaron con las festividades cristianas, dando lugar al carnaval tal como lo conocemos hoy.<\/p>\n<p style=\"font-weight: 400;\">\n<p style=\"font-weight: 400;\">La celebraci\u00f3n se desarrolla en un espacio simb\u00f3lico que son las Cohuin\u00e1s, seis casas de fiesta distribuidas por distintos barrios de la localidad, cada una representando a un santo y albergando personajes de la tradici\u00f3n zoque: Santo Domingo \u201cEl caballo\u201d, San Bernab\u00e9 \u201cEl David\u201d, La virgen de Natividad \u201cMahoma de Natividad\u201d, San Miguel Arc\u00e1ngel \u201cLos monitos\u201d, Santa Marta \u201cEl tigre\u201d y San Antonio \u201cMahoma Cabeza de Cochi\u201d.<\/p>\n<p style=\"font-weight: 400;\">\n<p style=\"font-weight: 400;\">El Carnaval Zoque Coiteco es un viaje en el tiempo, un reflejo del sincretismo que define a Chiapas. M\u00e1s que una festividad, es un llamado a preservar las ra\u00edces, a celebrar la herencia de los pueblos y mantener viva una cultura que late en el coraz\u00f3n de su gente.<\/p>\n","protected":false},"excerpt":{"rendered":"<p>El sonido de la marimba y la m\u00fasica folcl\u00f3rica inundan las calles de Ocozocoautla de&#8230;<\/p>\n","protected":false},"author":2,"featured_media":31300,"comment_status":"closed","ping_status":"closed","sticky":false,"template":"","format":"standard","meta":{"_joinchat":[],"footnotes":""},"categories":[1,2,3],"tags":[],"class_list":["post-31298","post","type-post","status-publish","format-standard","has-post-thumbnail","hentry","category-boletin","category-estado","category-health"],"_links":{"self":[{"href":"https:\/\/icoinformativo.mx\/home\/index.php?rest_route=\/wp\/v2\/posts\/31298","targetHints":{"allow":["GET"]}}],"collection":[{"href":"https:\/\/icoinformativo.mx\/home\/index.php?rest_route=\/wp\/v2\/posts"}],"about":[{"href":"https:\/\/icoinformativo.mx\/home\/index.php?rest_route=\/wp\/v2\/types\/post"}],"author":[{"embeddable":true,"href":"https:\/\/icoinformativo.mx\/home\/index.php?rest_route=\/wp\/v2\/users\/2"}],"replies":[{"embeddable":true,"href":"https:\/\/icoinformativo.mx\/home\/index.php?rest_route=%2Fwp%2Fv2%2Fcomments&post=31298"}],"version-history":[{"count":1,"href":"https:\/\/icoinformativo.mx\/home\/index.php?rest_route=\/wp\/v2\/posts\/31298\/revisions"}],"predecessor-version":[{"id":31301,"href":"https:\/\/icoinformativo.mx\/home\/index.php?rest_route=\/wp\/v2\/posts\/31298\/revisions\/31301"}],"wp:featuredmedia":[{"embeddable":true,"href":"https:\/\/icoinformativo.mx\/home\/index.php?rest_route=\/wp\/v2\/media\/31300"}],"wp:attachment":[{"href":"https:\/\/icoinformativo.mx\/home\/index.php?rest_route=%2Fwp%2Fv2%2Fmedia&parent=31298"}],"wp:term":[{"taxonomy":"category","embeddable":true,"href":"https:\/\/icoinformativo.mx\/home\/index.php?rest_route=%2Fwp%2Fv2%2Fcategories&post=31298"},{"taxonomy":"post_tag","embeddable":true,"href":"https:\/\/icoinformativo.mx\/home\/index.php?rest_route=%2Fwp%2Fv2%2Ftags&post=31298"}],"curies":[{"name":"wp","href":"https:\/\/api.w.org\/{rel}","templated":true}]}}