{"id":31296,"date":"2025-03-03T02:20:25","date_gmt":"2025-03-03T02:20:25","guid":{"rendered":"https:\/\/icoinformativo.mx\/home\/?p=31296"},"modified":"2025-03-03T02:20:35","modified_gmt":"2025-03-03T02:20:35","slug":"convoca-aditech-a-verano-de-estancias-cientificas-tecnologicas-y-humanisticas-2025","status":"publish","type":"post","link":"https:\/\/icoinformativo.mx\/home\/?p=31296","title":{"rendered":"Convoca Aditech a verano de Estancias Cient\u00edficas, tecnol\u00f3gicas y human\u00edsticas 2025"},"content":{"rendered":"<p>El programa busca fortalecer la formaci\u00f3n acad\u00e9mica y fomentar la vocaci\u00f3n cient\u00edfica y tecnol\u00f3gica entre las y los j\u00f3venes chiapanecos<\/p>\n<p>Tuxtla Guti\u00e9rrez, Chiapas; 28 de febrero de 2024.- Con el prop\u00f3sito de fortalecer la formaci\u00f3n acad\u00e9mica y despertar el inter\u00e9s de las y los j\u00f3venes por la investigaci\u00f3n cient\u00edfica, tecnol\u00f3gica y human\u00edstica, la Agencia Digital Tecnol\u00f3gica del Estado de Chiapas (Aditech) ha lanzado la convocatoria para el Programa de Verano de Estancias Cient\u00edficas, Tecnol\u00f3gicas y Humanidades, Nivel Superior 2025.<\/p>\n<p>Dirigido a estudiantes chiapanecos de nivel superior que hayan completado al menos el 50 por ciento de los cr\u00e9ditos de su plan de estudios, este programa ofrece la oportunidad de realizar estancias de verano en instituciones de educaci\u00f3n superior, centros de investigaci\u00f3n o empresas, tanto en M\u00e9xico como en el extranjero.<\/p>\n<p>Las y los estudiantes seleccionados podr\u00e1n acceder a becas que cubrir\u00e1n parcial o totalmente los costos de transporte y manutenci\u00f3n durante su estancia, con apoyos diferenciados para estancias nacionales e internacionales. Adem\u00e1s, quienes participen en el programa podr\u00e1n presentar sus proyectos en el Congreso Nacional del Programa Delf\u00edn, ampliando sus redes de colaboraci\u00f3n acad\u00e9mica y profesional.<\/p>\n<p>El registro de solicitudes estar\u00e1 abierto a partir de la publicaci\u00f3n de la convocatoria y hasta el 14 de marzo de 2025, a trav\u00e9s del sitio web: https:\/\/interopera.chiapas.gob.mx\/convocatorias.<\/p>\n<p>Para m\u00e1s informaci\u00f3n sobre requisitos, bases y documentos necesarios, se invita a los interesados a consultar la convocatoria completa en la p\u00e1gina oficial de la Agencia Digital Tecnol\u00f3gica del Estado de Chiapas: https:\/\/aditech.chiapas.gob.mx.<\/p>\n<p>Con este esfuerzo, el Gobierno del Estado reafirma su compromiso con el desarrollo del talento chiapaneco, impulsando la vocaci\u00f3n cient\u00edfica y tecnol\u00f3gica de las nuevas generaciones.<\/p>\n","protected":false},"excerpt":{"rendered":"<p>El programa busca fortalecer la formaci\u00f3n acad\u00e9mica y fomentar la vocaci\u00f3n cient\u00edfica y tecnol\u00f3gica entre&#8230;<\/p>\n","protected":false},"author":2,"featured_media":31294,"comment_status":"closed","ping_status":"closed","sticky":false,"template":"","format":"standard","meta":{"_joinchat":[],"footnotes":""},"categories":[1,2,3],"tags":[],"class_list":["post-31296","post","type-post","status-publish","format-standard","has-post-thumbnail","hentry","category-boletin","category-estado","category-health"],"_links":{"self":[{"href":"https:\/\/icoinformativo.mx\/home\/index.php?rest_route=\/wp\/v2\/posts\/31296","targetHints":{"allow":["GET"]}}],"collection":[{"href":"https:\/\/icoinformativo.mx\/home\/index.php?rest_route=\/wp\/v2\/posts"}],"about":[{"href":"https:\/\/icoinformativo.mx\/home\/index.php?rest_route=\/wp\/v2\/types\/post"}],"author":[{"embeddable":true,"href":"https:\/\/icoinformativo.mx\/home\/index.php?rest_route=\/wp\/v2\/users\/2"}],"replies":[{"embeddable":true,"href":"https:\/\/icoinformativo.mx\/home\/index.php?rest_route=%2Fwp%2Fv2%2Fcomments&post=31296"}],"version-history":[{"count":1,"href":"https:\/\/icoinformativo.mx\/home\/index.php?rest_route=\/wp\/v2\/posts\/31296\/revisions"}],"predecessor-version":[{"id":31297,"href":"https:\/\/icoinformativo.mx\/home\/index.php?rest_route=\/wp\/v2\/posts\/31296\/revisions\/31297"}],"wp:featuredmedia":[{"embeddable":true,"href":"https:\/\/icoinformativo.mx\/home\/index.php?rest_route=\/wp\/v2\/media\/31294"}],"wp:attachment":[{"href":"https:\/\/icoinformativo.mx\/home\/index.php?rest_route=%2Fwp%2Fv2%2Fmedia&parent=31296"}],"wp:term":[{"taxonomy":"category","embeddable":true,"href":"https:\/\/icoinformativo.mx\/home\/index.php?rest_route=%2Fwp%2Fv2%2Fcategories&post=31296"},{"taxonomy":"post_tag","embeddable":true,"href":"https:\/\/icoinformativo.mx\/home\/index.php?rest_route=%2Fwp%2Fv2%2Ftags&post=31296"}],"curies":[{"name":"wp","href":"https:\/\/api.w.org\/{rel}","templated":true}]}}