{"id":31290,"date":"2025-03-03T02:18:20","date_gmt":"2025-03-03T02:18:20","guid":{"rendered":"https:\/\/icoinformativo.mx\/home\/?p=31290"},"modified":"2025-03-03T02:18:20","modified_gmt":"2025-03-03T02:18:20","slug":"sagyp-conmemora-el-dia-internacional-de-la-mujer-y-reconoce-a-las-trabajadoras-del-campo","status":"publish","type":"post","link":"https:\/\/icoinformativo.mx\/home\/?p=31290","title":{"rendered":"SAGyP conmemora el D\u00eda Internacional de la Mujer y reconoce a las trabajadoras del campo"},"content":{"rendered":"<p>&nbsp;<\/p>\n<p>&nbsp;<\/p>\n<p>La Secretar\u00eda de Agricultura, Ganader\u00eda y Pesca (SAGyP) adelant\u00f3 este fin de semana la conmemoraci\u00f3n del \u00abD\u00eda Internacional de la Mujer\u00bb con un evento en el que reconoci\u00f3 la lucha hist\u00f3rica y los desaf\u00edos que enfrentan las trabajadoras del sector agropecuario.<\/p>\n<p>&nbsp;<\/p>\n<p>El titular de la dependencia, Marco Antonio Barba Arrocha, acompa\u00f1ado de su esposa, Ver\u00f3nica Morales de Barba, subray\u00f3 que esta fecha es un momento de reflexi\u00f3n y reconocimiento a las mujeres que han trabajado por la equidad y el respeto de sus derechos. Asegur\u00f3 que la SAGyP mantiene su compromiso de erradicar la violencia de g\u00e9nero y mejorar las condiciones laborales en el campo.<\/p>\n<p>&nbsp;<\/p>\n<p>Con datos del Censo Agropecuario del INEGI, se destac\u00f3 que en M\u00e9xico m\u00e1s de 992 mil mujeres participan en el sector primario. En Chiapas representan el 8.5 por ciento del total y desempe\u00f1an labores agr\u00edcolas, ganaderas y acu\u00edcolas.<\/p>\n<p>&nbsp;<\/p>\n<p>Barba Arrocha reafirm\u00f3 el compromiso del Gobierno de Chiapas, encabezado por Eduardo Ram\u00edrez Aguilar, de mejorar la calidad de vida de las mujeres del sector agropecuario. Se\u00f1al\u00f3 que el trabajo conjunto fortalecer\u00e1 la producci\u00f3n estatal y abrir\u00e1 nuevas oportunidades para las productoras.<\/p>\n<p>&nbsp;<\/p>\n<p>En este contexto, destac\u00f3 que la SAGyP promueve un ambiente laboral basado en el respeto, la inclusi\u00f3n y la equidad. \u201cEn esta secretar\u00eda trabajamos con un enfoque humano y respetuoso, de cero violencia, garantizando un entorno arm\u00f3nico para todas las mujeres que forman parte de esta instituci\u00f3n\u201d, afirm\u00f3.<\/p>\n<p>&nbsp;<\/p>\n<p>La SAGyP expres\u00f3 adem\u00e1s su respaldo a las iniciativas de la presidenta de M\u00e9xico, Claudia Sheinbaum Pardo, en favor de los derechos de las mujeres y su participaci\u00f3n en todos los \u00e1mbitos de la sociedad.<\/p>\n<p>&nbsp;<\/p>\n<p>El evento cont\u00f3 con la presencia del cantautor Reyli Barba Arrocha, originario de Ju\u00e1rez, Chiapas, quien destac\u00f3 el papel de las mujeres en la sociedad y la cultura del estado. \u201cTenemos fe en Chiapas, en nuestro gobernador y en el equipo de trabajo que ha formado\u201d, afirm\u00f3.<\/p>\n<p>&nbsp;<\/p>\n<p>Ver\u00f3nica Morales de Barba resalt\u00f3 la labor de mujeres l\u00edderes que han impulsado el desarrollo de Chiapas como las servidoras del pueblo: Paty Conde Ruiz, Dulce Rodr\u00edguez Ovando, Anakaren G\u00f3mez Zuart y Viridiana Figueroa Garc\u00eda. Tambi\u00e9n reconoci\u00f3 el trabajo de su esposo en la promoci\u00f3n de pol\u00edticas a favor de las trabajadoras del campo.<\/p>\n<p>&nbsp;<\/p>\n<p>Record\u00f3 que la lucha de las mujeres ha sido constante, desde la marcha de 1857 en Nueva York y la obtenci\u00f3n del voto femenino en M\u00e9xico en 1955, hasta el reconocimiento del D\u00eda Internacional de la Mujer por la ONU en 1975. Subray\u00f3 que muchas de ellas, adem\u00e1s de su labor productiva, son pilares en la educaci\u00f3n de sus hijos y en la preservaci\u00f3n de las lenguas y tradiciones chiapanecas.<\/p>\n<p>&nbsp;<\/p>\n<p>El secretario y su esposa llamaron a la unidad para construir una sociedad m\u00e1s equitativa y libre de violencia. \u201cSigamos avanzando con determinaci\u00f3n para que todas las mujeres tengan un piso parejo en todos los \u00e1mbitos\u201d, concluyeron.<\/p>\n","protected":false},"excerpt":{"rendered":"<p>&nbsp; &nbsp; La Secretar\u00eda de Agricultura, Ganader\u00eda y Pesca (SAGyP) adelant\u00f3 este fin de semana&#8230;<\/p>\n","protected":false},"author":2,"featured_media":31291,"comment_status":"closed","ping_status":"closed","sticky":false,"template":"","format":"standard","meta":{"_joinchat":[],"footnotes":""},"categories":[1,2,3],"tags":[],"class_list":["post-31290","post","type-post","status-publish","format-standard","has-post-thumbnail","hentry","category-boletin","category-estado","category-health"],"_links":{"self":[{"href":"https:\/\/icoinformativo.mx\/home\/index.php?rest_route=\/wp\/v2\/posts\/31290","targetHints":{"allow":["GET"]}}],"collection":[{"href":"https:\/\/icoinformativo.mx\/home\/index.php?rest_route=\/wp\/v2\/posts"}],"about":[{"href":"https:\/\/icoinformativo.mx\/home\/index.php?rest_route=\/wp\/v2\/types\/post"}],"author":[{"embeddable":true,"href":"https:\/\/icoinformativo.mx\/home\/index.php?rest_route=\/wp\/v2\/users\/2"}],"replies":[{"embeddable":true,"href":"https:\/\/icoinformativo.mx\/home\/index.php?rest_route=%2Fwp%2Fv2%2Fcomments&post=31290"}],"version-history":[{"count":1,"href":"https:\/\/icoinformativo.mx\/home\/index.php?rest_route=\/wp\/v2\/posts\/31290\/revisions"}],"predecessor-version":[{"id":31292,"href":"https:\/\/icoinformativo.mx\/home\/index.php?rest_route=\/wp\/v2\/posts\/31290\/revisions\/31292"}],"wp:featuredmedia":[{"embeddable":true,"href":"https:\/\/icoinformativo.mx\/home\/index.php?rest_route=\/wp\/v2\/media\/31291"}],"wp:attachment":[{"href":"https:\/\/icoinformativo.mx\/home\/index.php?rest_route=%2Fwp%2Fv2%2Fmedia&parent=31290"}],"wp:term":[{"taxonomy":"category","embeddable":true,"href":"https:\/\/icoinformativo.mx\/home\/index.php?rest_route=%2Fwp%2Fv2%2Fcategories&post=31290"},{"taxonomy":"post_tag","embeddable":true,"href":"https:\/\/icoinformativo.mx\/home\/index.php?rest_route=%2Fwp%2Fv2%2Ftags&post=31290"}],"curies":[{"name":"wp","href":"https:\/\/api.w.org\/{rel}","templated":true}]}}