{"id":31287,"date":"2025-03-03T02:17:26","date_gmt":"2025-03-03T02:17:26","guid":{"rendered":"https:\/\/icoinformativo.mx\/home\/?p=31287"},"modified":"2025-03-03T02:17:26","modified_gmt":"2025-03-03T02:17:26","slug":"iap-chiapas-se-suma-a-las-jornadas-del-humanismo-en-el-jobo","status":"publish","type":"post","link":"https:\/\/icoinformativo.mx\/home\/?p=31287","title":{"rendered":"IAP Chiapas se suma a las Jornadas del Humanismo en El Jobo"},"content":{"rendered":"<p>&nbsp;<\/p>\n<p>&nbsp;<\/p>\n<p>Tuxtla Guti\u00e9rrez, Chiapas; 02 de marzo de 2025.- Como parte de su compromiso con el desarrollo social y la capacitaci\u00f3n ciudadana, el Instituto de Administraci\u00f3n P\u00fablica del Estado de Chiapas (IAP Chiapas) particip\u00f3 activamente en las Jornadas del Humanismo, encabezadas por el gobernador Eduardo Ram\u00edrez Aguilar en el domo de la cancha del Parque de El Jobo, en Tuxtla Guti\u00e9rrez.<\/p>\n<p>La presidenta del Consejo Directivo del IAP Chiapas, Lysette Raquel Lameiro Camacho, destac\u00f3 la importancia de estos encuentros que acercan servicios esenciales a la poblaci\u00f3n y fortalecen el bienestar de las familias chiapanecas. En su intervenci\u00f3n, reafirm\u00f3 el compromiso del IAP Chiapas con la capacitaci\u00f3n y formaci\u00f3n de las y los ciudadanos, ofreciendo asesor\u00edas, talleres y capacitaciones en beneficio de la comunidad.<\/p>\n<p>\u201cEn el IAP Chiapas creemos en el poder de la educaci\u00f3n y la capacitaci\u00f3n para transformar vidas. Por ello, nos sumamos a estas jornadas con programas que impulsan el desarrollo personal y profesional de nuestra gente, brindando herramientas para que cada chiapaneco y chiapaneca tenga m\u00e1s oportunidades de crecimiento\u201d, expres\u00f3 la titular del IAP.<\/p>\n<p>Durante el evento se llevaron a cabo distintas actividades como asesor\u00edas jur\u00eddicas, servicios de salud gratuitos, orientaci\u00f3n laboral, as\u00ed como espacios de bienestar para las mujeres con cortes de cabello, manicure y pedicure. Adem\u00e1s, el IAP Chiapas dio a conocer sus servicios en materia de capacitaci\u00f3n y profesionalizaci\u00f3n de la administraci\u00f3n p\u00fablica.<\/p>\n<p>Lameiro Camacho reconoci\u00f3 el liderazgo del gobernador Eduardo Ram\u00edrez Aguilar, quien con acciones concretas ha demostrado su compromiso con el pueblo chiapaneco. Asimismo, hizo un llamado a la ciudadan\u00eda para seguir aprovechando estos espacios de apoyo social y fortalecimiento comunitario.<\/p>\n<p>\u201cEl Jobo es un ejemplo de trabajo y esfuerzo, de familias que d\u00eda a d\u00eda construyen su futuro con determinaci\u00f3n. Desde el IAP Chiapas reafirmamos nuestro compromiso de seguir trabajando de la mano con la gente para que tengan mejores oportunidades y una mejor calidad de vida\u201d, concluy\u00f3.<\/p>\n<p>El IAP Chiapas continuar\u00e1 participando en las Jornadas del Humanismo y en diversas iniciativas que fomenten el desarrollo de las comunidades, fortaleciendo as\u00ed la misi\u00f3n de servir con vocaci\u00f3n y compromiso al estado de Chiapas.<\/p>\n<p>En el evento estuvieron presentes el gobernador del estado, Eduardo Ram\u00edrez Aguilar; la se\u00f1ora Sof\u00eda Espinoza Abarca; el secretario del Humanismo, Francisco Chac\u00f3n; as\u00ed como diversas autoridades estatales y municipales, quienes refrendaron su compromiso con el bienestar de las familias chiapanecas.<\/p>\n","protected":false},"excerpt":{"rendered":"<p>&nbsp; &nbsp; Tuxtla Guti\u00e9rrez, Chiapas; 02 de marzo de 2025.- Como parte de su compromiso&#8230;<\/p>\n","protected":false},"author":2,"featured_media":31288,"comment_status":"closed","ping_status":"closed","sticky":false,"template":"","format":"standard","meta":{"_joinchat":[],"footnotes":""},"categories":[1,2,3],"tags":[],"class_list":["post-31287","post","type-post","status-publish","format-standard","has-post-thumbnail","hentry","category-boletin","category-estado","category-health"],"_links":{"self":[{"href":"https:\/\/icoinformativo.mx\/home\/index.php?rest_route=\/wp\/v2\/posts\/31287","targetHints":{"allow":["GET"]}}],"collection":[{"href":"https:\/\/icoinformativo.mx\/home\/index.php?rest_route=\/wp\/v2\/posts"}],"about":[{"href":"https:\/\/icoinformativo.mx\/home\/index.php?rest_route=\/wp\/v2\/types\/post"}],"author":[{"embeddable":true,"href":"https:\/\/icoinformativo.mx\/home\/index.php?rest_route=\/wp\/v2\/users\/2"}],"replies":[{"embeddable":true,"href":"https:\/\/icoinformativo.mx\/home\/index.php?rest_route=%2Fwp%2Fv2%2Fcomments&post=31287"}],"version-history":[{"count":1,"href":"https:\/\/icoinformativo.mx\/home\/index.php?rest_route=\/wp\/v2\/posts\/31287\/revisions"}],"predecessor-version":[{"id":31289,"href":"https:\/\/icoinformativo.mx\/home\/index.php?rest_route=\/wp\/v2\/posts\/31287\/revisions\/31289"}],"wp:featuredmedia":[{"embeddable":true,"href":"https:\/\/icoinformativo.mx\/home\/index.php?rest_route=\/wp\/v2\/media\/31288"}],"wp:attachment":[{"href":"https:\/\/icoinformativo.mx\/home\/index.php?rest_route=%2Fwp%2Fv2%2Fmedia&parent=31287"}],"wp:term":[{"taxonomy":"category","embeddable":true,"href":"https:\/\/icoinformativo.mx\/home\/index.php?rest_route=%2Fwp%2Fv2%2Fcategories&post=31287"},{"taxonomy":"post_tag","embeddable":true,"href":"https:\/\/icoinformativo.mx\/home\/index.php?rest_route=%2Fwp%2Fv2%2Ftags&post=31287"}],"curies":[{"name":"wp","href":"https:\/\/api.w.org\/{rel}","templated":true}]}}