{"id":31281,"date":"2025-03-01T03:38:17","date_gmt":"2025-03-01T03:38:17","guid":{"rendered":"https:\/\/icoinformativo.mx\/home\/?p=31281"},"modified":"2025-03-01T03:38:17","modified_gmt":"2025-03-01T03:38:17","slug":"aprehenden-a-presunta-responsable-del-delito-de-feminicidio-fge","status":"publish","type":"post","link":"https:\/\/icoinformativo.mx\/home\/?p=31281","title":{"rendered":"*Aprehenden a presunta responsable del delito de feminicidio: FGE*"},"content":{"rendered":"<p>&nbsp;<\/p>\n<p>&#8211; Por hechos ocurridos en Altamirano<\/p>\n<p>&nbsp;<\/p>\n<p>&nbsp;<\/p>\n<p>La Fiscal\u00eda General del Estado ejecut\u00f3 orden de aprehensi\u00f3n en contra de Laura \u201cN\u201d, como presunta responsable del delito de feminicidio, cometido en agravio de una mujer de identidad resguardada, por hechos ocurridos en el municipio de Altamirano.<\/p>\n<p>&nbsp;<\/p>\n<p>De acuerdo con los hechos, la v\u00edctima fue golpeada por la detenida y una persona m\u00e1s, en el Ejido Jalisco del municipio de Altamirano, y como resultado de la agresi\u00f3n falleci\u00f3 en un hospital de la ciudad de Tuxtla Guti\u00e9rrez.<\/p>\n<p>&nbsp;<\/p>\n<p>La presunta responsable fue puesta a disposici\u00f3n del \u00f3rgano jurisdiccional, para que se determine su situaci\u00f3n jur\u00eddica.<\/p>\n<p>&nbsp;<\/p>\n<p>Con estas acciones, la Fiscal\u00eda General del Estado refrenda su compromiso de velar por los derechos humanos de las mujeres, esclareciendo todos los hechos que le sean denunciados, garantizando Cero Impunidad.<\/p>\n","protected":false},"excerpt":{"rendered":"<p>&nbsp; &#8211; Por hechos ocurridos en Altamirano &nbsp; &nbsp; La Fiscal\u00eda General del Estado ejecut\u00f3&#8230;<\/p>\n","protected":false},"author":2,"featured_media":31282,"comment_status":"closed","ping_status":"closed","sticky":false,"template":"","format":"standard","meta":{"_joinchat":[],"footnotes":""},"categories":[18,1,2,3],"tags":[],"class_list":["post-31281","post","type-post","status-publish","format-standard","has-post-thumbnail","hentry","category-almomento","category-boletin","category-estado","category-health"],"_links":{"self":[{"href":"https:\/\/icoinformativo.mx\/home\/index.php?rest_route=\/wp\/v2\/posts\/31281","targetHints":{"allow":["GET"]}}],"collection":[{"href":"https:\/\/icoinformativo.mx\/home\/index.php?rest_route=\/wp\/v2\/posts"}],"about":[{"href":"https:\/\/icoinformativo.mx\/home\/index.php?rest_route=\/wp\/v2\/types\/post"}],"author":[{"embeddable":true,"href":"https:\/\/icoinformativo.mx\/home\/index.php?rest_route=\/wp\/v2\/users\/2"}],"replies":[{"embeddable":true,"href":"https:\/\/icoinformativo.mx\/home\/index.php?rest_route=%2Fwp%2Fv2%2Fcomments&post=31281"}],"version-history":[{"count":1,"href":"https:\/\/icoinformativo.mx\/home\/index.php?rest_route=\/wp\/v2\/posts\/31281\/revisions"}],"predecessor-version":[{"id":31283,"href":"https:\/\/icoinformativo.mx\/home\/index.php?rest_route=\/wp\/v2\/posts\/31281\/revisions\/31283"}],"wp:featuredmedia":[{"embeddable":true,"href":"https:\/\/icoinformativo.mx\/home\/index.php?rest_route=\/wp\/v2\/media\/31282"}],"wp:attachment":[{"href":"https:\/\/icoinformativo.mx\/home\/index.php?rest_route=%2Fwp%2Fv2%2Fmedia&parent=31281"}],"wp:term":[{"taxonomy":"category","embeddable":true,"href":"https:\/\/icoinformativo.mx\/home\/index.php?rest_route=%2Fwp%2Fv2%2Fcategories&post=31281"},{"taxonomy":"post_tag","embeddable":true,"href":"https:\/\/icoinformativo.mx\/home\/index.php?rest_route=%2Fwp%2Fv2%2Ftags&post=31281"}],"curies":[{"name":"wp","href":"https:\/\/api.w.org\/{rel}","templated":true}]}}