{"id":31278,"date":"2025-03-01T03:36:50","date_gmt":"2025-03-01T03:36:50","guid":{"rendered":"https:\/\/icoinformativo.mx\/home\/?p=31278"},"modified":"2025-03-01T03:36:50","modified_gmt":"2025-03-01T03:36:50","slug":"detienen-a-tres-presuntos-responsables-de-ataques-a-las-vias-de-comunicacion-desobediencia-y-resistencia-de-particulares-fge","status":"publish","type":"post","link":"https:\/\/icoinformativo.mx\/home\/?p=31278","title":{"rendered":"*Detienen a tres presuntos responsables de ataques a las v\u00edas de comunicaci\u00f3n, desobediencia y resistencia de particulares: FGE*"},"content":{"rendered":"<p>&nbsp;<\/p>\n<p>\u2022 Uno de los detenidos es ex candidato a la presidencia municipal de Tuxtla Guti\u00e9rrez<\/p>\n<p>&nbsp;<\/p>\n<p>&nbsp;<\/p>\n<p>Elementos de la Fiscal\u00eda General del Estado, la Secretar\u00eda de la Defensa Nacional, la Guardia Nacional, la Secretar\u00eda de Seguridad del Pueblo y la Polic\u00eda Municipal, detuvieron en flagrancia a Hugo \u201cN\u201d, alias \u201cDany Guill\u00e9n\u201d, Rafael \u201cN\u201d y Guillerbardo \u201cN\u201d, como presuntos responsables de los delitos de ataques a las v\u00edas de comunicaci\u00f3n, en su modalidad de conducir un veh\u00edculo en estado de ebriedad, as\u00ed como desobediencia y resistencia de particulares, cometido en agravio de la sociedad.<\/p>\n<p>&nbsp;<\/p>\n<p>De acuerdo con los datos en la carpeta de investigaci\u00f3n, las autoridades se percataron que los ahora detenidos, circulaban por el barrio San Jacinto en un veh\u00edculo tipo pick up, en el que realizaban movimientos zigzagueantes, por lo que se les marc\u00f3 el alto, pero hicieron caso omiso.<\/p>\n<p>&nbsp;<\/p>\n<p>Sin embargo, metros m\u00e1s adelante, la camioneta se detuvo y los elementos del orden les pidieron descender del veh\u00edculo. Los ocupantes contestaron con agresiones verbales y f\u00edsicas, por lo que los elementos hicieron uso racional de la fuerza para asegurar a los sujetos, mismos que presentaban fuerte aliento alcoh\u00f3lico.<\/p>\n<p>&nbsp;<\/p>\n<p>Los detenidos fueron puestos a disposici\u00f3n del Fiscal del Ministerio Publico para que resuelva su situaci\u00f3n jur\u00eddica, asegurando tambi\u00e9n el veh\u00edculo marca Ford, tipo pick up.<\/p>\n<p>&nbsp;<\/p>\n<p>La Fiscal\u00eda General del Estado reitera su compromiso de trabajar en coordinaci\u00f3n para combatir el delito y garantizar la seguridad y paz de las familias chiapanecas, con Cero Impunidad.<\/p>\n","protected":false},"excerpt":{"rendered":"<p>&nbsp; \u2022 Uno de los detenidos es ex candidato a la presidencia municipal de Tuxtla&#8230;<\/p>\n","protected":false},"author":2,"featured_media":31279,"comment_status":"closed","ping_status":"closed","sticky":false,"template":"","format":"standard","meta":{"_joinchat":[],"footnotes":""},"categories":[18,1,2,3],"tags":[],"class_list":["post-31278","post","type-post","status-publish","format-standard","has-post-thumbnail","hentry","category-almomento","category-boletin","category-estado","category-health"],"_links":{"self":[{"href":"https:\/\/icoinformativo.mx\/home\/index.php?rest_route=\/wp\/v2\/posts\/31278","targetHints":{"allow":["GET"]}}],"collection":[{"href":"https:\/\/icoinformativo.mx\/home\/index.php?rest_route=\/wp\/v2\/posts"}],"about":[{"href":"https:\/\/icoinformativo.mx\/home\/index.php?rest_route=\/wp\/v2\/types\/post"}],"author":[{"embeddable":true,"href":"https:\/\/icoinformativo.mx\/home\/index.php?rest_route=\/wp\/v2\/users\/2"}],"replies":[{"embeddable":true,"href":"https:\/\/icoinformativo.mx\/home\/index.php?rest_route=%2Fwp%2Fv2%2Fcomments&post=31278"}],"version-history":[{"count":1,"href":"https:\/\/icoinformativo.mx\/home\/index.php?rest_route=\/wp\/v2\/posts\/31278\/revisions"}],"predecessor-version":[{"id":31280,"href":"https:\/\/icoinformativo.mx\/home\/index.php?rest_route=\/wp\/v2\/posts\/31278\/revisions\/31280"}],"wp:featuredmedia":[{"embeddable":true,"href":"https:\/\/icoinformativo.mx\/home\/index.php?rest_route=\/wp\/v2\/media\/31279"}],"wp:attachment":[{"href":"https:\/\/icoinformativo.mx\/home\/index.php?rest_route=%2Fwp%2Fv2%2Fmedia&parent=31278"}],"wp:term":[{"taxonomy":"category","embeddable":true,"href":"https:\/\/icoinformativo.mx\/home\/index.php?rest_route=%2Fwp%2Fv2%2Fcategories&post=31278"},{"taxonomy":"post_tag","embeddable":true,"href":"https:\/\/icoinformativo.mx\/home\/index.php?rest_route=%2Fwp%2Fv2%2Ftags&post=31278"}],"curies":[{"name":"wp","href":"https:\/\/api.w.org\/{rel}","templated":true}]}}