{"id":31275,"date":"2025-03-01T03:33:56","date_gmt":"2025-03-01T03:33:56","guid":{"rendered":"https:\/\/icoinformativo.mx\/home\/?p=31275"},"modified":"2025-03-01T03:33:56","modified_gmt":"2025-03-01T03:33:56","slug":"cartelera-oficial-feria-sunuapa-2025","status":"publish","type":"post","link":"https:\/\/icoinformativo.mx\/home\/?p=31275","title":{"rendered":"\u00a1\u00a1CARTELERA OFICIAL FERIA SUNUAPA 2025"},"content":{"rendered":"<p>&nbsp;<\/p>\n<p>EN HONOR AL \u00abSE\u00d1OR DE LOS MILAGROS\u00bb!!<\/p>\n<p>&nbsp;<\/p>\n<p>\u00a1Ven y diviertete junto a toda tu familia del 23 al 29 de marzo!<\/p>\n<p>&nbsp;<\/p>\n<p>Disfruta de eventos deportivos, culturales, ganaderos, gastron\u00f3micos, y m\u00e1s.<\/p>\n<p>&nbsp;<\/p>\n<p>INVITAN<\/p>\n<p>&nbsp;<\/p>\n<p>Gobierno Municipal Sunuapa 2024 &#8211; 2027 y el presidente municipal Lic. Fredi Ramirez Diaz en coordinaci\u00f3n con el DIF Municipal Sunuapa 2024-2027 que preside la Lic. Flor de Mar\u00eda Bernal \u00c1lvarez.<\/p>\n<p>&nbsp;<\/p>\n<p>Y recuerda: \u00a1Todos los eventos de feria ser\u00e1n TOTALMENTE GRATIS!!<\/p>\n<p>&nbsp;<\/p>\n<p>\u00abDESARROLLO QUE SE VIVE, TRADICI\u00d3N QUE NOS UNE\u00bb<\/p>\n<p>&nbsp;<\/p>\n<p>#sunuapaenprogresoydesarrolloparatodos<\/p>\n<p>#gobiernomunicipalsunuapa20242027<\/p>\n","protected":false},"excerpt":{"rendered":"<p>&nbsp; EN HONOR AL \u00abSE\u00d1OR DE LOS MILAGROS\u00bb!! &nbsp; \u00a1Ven y diviertete junto a toda&#8230;<\/p>\n","protected":false},"author":2,"featured_media":31276,"comment_status":"closed","ping_status":"closed","sticky":false,"template":"","format":"standard","meta":{"_joinchat":[],"footnotes":""},"categories":[18,1,2,3],"tags":[],"class_list":["post-31275","post","type-post","status-publish","format-standard","has-post-thumbnail","hentry","category-almomento","category-boletin","category-estado","category-health"],"_links":{"self":[{"href":"https:\/\/icoinformativo.mx\/home\/index.php?rest_route=\/wp\/v2\/posts\/31275","targetHints":{"allow":["GET"]}}],"collection":[{"href":"https:\/\/icoinformativo.mx\/home\/index.php?rest_route=\/wp\/v2\/posts"}],"about":[{"href":"https:\/\/icoinformativo.mx\/home\/index.php?rest_route=\/wp\/v2\/types\/post"}],"author":[{"embeddable":true,"href":"https:\/\/icoinformativo.mx\/home\/index.php?rest_route=\/wp\/v2\/users\/2"}],"replies":[{"embeddable":true,"href":"https:\/\/icoinformativo.mx\/home\/index.php?rest_route=%2Fwp%2Fv2%2Fcomments&post=31275"}],"version-history":[{"count":1,"href":"https:\/\/icoinformativo.mx\/home\/index.php?rest_route=\/wp\/v2\/posts\/31275\/revisions"}],"predecessor-version":[{"id":31277,"href":"https:\/\/icoinformativo.mx\/home\/index.php?rest_route=\/wp\/v2\/posts\/31275\/revisions\/31277"}],"wp:featuredmedia":[{"embeddable":true,"href":"https:\/\/icoinformativo.mx\/home\/index.php?rest_route=\/wp\/v2\/media\/31276"}],"wp:attachment":[{"href":"https:\/\/icoinformativo.mx\/home\/index.php?rest_route=%2Fwp%2Fv2%2Fmedia&parent=31275"}],"wp:term":[{"taxonomy":"category","embeddable":true,"href":"https:\/\/icoinformativo.mx\/home\/index.php?rest_route=%2Fwp%2Fv2%2Fcategories&post=31275"},{"taxonomy":"post_tag","embeddable":true,"href":"https:\/\/icoinformativo.mx\/home\/index.php?rest_route=%2Fwp%2Fv2%2Ftags&post=31275"}],"curies":[{"name":"wp","href":"https:\/\/api.w.org\/{rel}","templated":true}]}}