{"id":31269,"date":"2025-03-01T03:29:21","date_gmt":"2025-03-01T03:29:21","guid":{"rendered":"https:\/\/icoinformativo.mx\/home\/?p=31269"},"modified":"2025-03-01T03:29:41","modified_gmt":"2025-03-01T03:29:41","slug":"bodas-colectivas-2025-en-pichucalco","status":"publish","type":"post","link":"https:\/\/icoinformativo.mx\/home\/?p=31269","title":{"rendered":"BODAS COLECTIVAS 2025 EN PICHUCALCO\u00a0"},"content":{"rendered":"<p>&nbsp;<\/p>\n<p>En un emotivo evento lleno de amor, el Gobierno Municipal de Pichucalco y el DIF Municipal celebraron la ceremonia de Bodas Colectivas 2025.<\/p>\n<p>&nbsp;<\/p>\n<p>En colaboraci\u00f3n con el Registro Civil Municipal, esta ceremonia tuvo el prop\u00f3sito de brindar certeza jur\u00eddica a las parejas participantes, permiti\u00e9ndoles consolidar su matrimonio de manera completamente gratuita.<\/p>\n<p>&nbsp;<\/p>\n<p>El evento cont\u00f3 con la presencia del secretario municipal V\u00edctor Hugo Ruiz Casanova, quien transmiti\u00f3 las felicitaciones del presidente Andr\u00e9s Carballo C\u00f3rdova a las felices parejas. Adem\u00e1s, en la mesa del presidium se encontraban la S\u00edndico Municipal, Elvira Gonz\u00e1lez Hern\u00e1ndez; la Delegada del DIF Regional, Lic. Yesenia Cruz \u00c1lvarez; la Oficial del Registro Civil, Lic. Fanny Xitlali M\u00e9ndez Hern\u00e1ndez; el regidor Heber Isai L\u00f3pez S\u00e1nchez; la directora del DIF municipal, Lic. Alicia Guadalupe Rabelo Contreras; y el Lic. Ra\u00fal Cruz Manuel, en representaci\u00f3n del Subsecretario de Gobierno, Francisco \u00c1lvarez Sanen.<\/p>\n<p>&nbsp;<\/p>\n<p>La ceremonia culmin\u00f3 con el tradicional pastel de bodas y cada pareja recibi\u00f3 un detalle especial por parte de nuestras autoridades municipales.<\/p>\n<p>&nbsp;<\/p>\n<p>Desde el fondo de nuestros corazones, deseamos bendiciones y el mejor de los \u00e9xitos a las 20 parejas en esta nueva etapa de su vida matrimonial. Que el amor y la felicidad los acompa\u00f1en hoy y siempre.<\/p>\n<p>&nbsp;<\/p>\n<p>#HumanismoQueTransforma #AccionesQueContribuyenAlCambio #Pichucalco #BodasColectivas<\/p>\n","protected":false},"excerpt":{"rendered":"<p>&nbsp; En un emotivo evento lleno de amor, el Gobierno Municipal de Pichucalco y el&#8230;<\/p>\n","protected":false},"author":2,"featured_media":31270,"comment_status":"closed","ping_status":"closed","sticky":false,"template":"","format":"standard","meta":{"_joinchat":[],"footnotes":""},"categories":[18,1,2,3],"tags":[],"class_list":["post-31269","post","type-post","status-publish","format-standard","has-post-thumbnail","hentry","category-almomento","category-boletin","category-estado","category-health"],"_links":{"self":[{"href":"https:\/\/icoinformativo.mx\/home\/index.php?rest_route=\/wp\/v2\/posts\/31269","targetHints":{"allow":["GET"]}}],"collection":[{"href":"https:\/\/icoinformativo.mx\/home\/index.php?rest_route=\/wp\/v2\/posts"}],"about":[{"href":"https:\/\/icoinformativo.mx\/home\/index.php?rest_route=\/wp\/v2\/types\/post"}],"author":[{"embeddable":true,"href":"https:\/\/icoinformativo.mx\/home\/index.php?rest_route=\/wp\/v2\/users\/2"}],"replies":[{"embeddable":true,"href":"https:\/\/icoinformativo.mx\/home\/index.php?rest_route=%2Fwp%2Fv2%2Fcomments&post=31269"}],"version-history":[{"count":1,"href":"https:\/\/icoinformativo.mx\/home\/index.php?rest_route=\/wp\/v2\/posts\/31269\/revisions"}],"predecessor-version":[{"id":31271,"href":"https:\/\/icoinformativo.mx\/home\/index.php?rest_route=\/wp\/v2\/posts\/31269\/revisions\/31271"}],"wp:featuredmedia":[{"embeddable":true,"href":"https:\/\/icoinformativo.mx\/home\/index.php?rest_route=\/wp\/v2\/media\/31270"}],"wp:attachment":[{"href":"https:\/\/icoinformativo.mx\/home\/index.php?rest_route=%2Fwp%2Fv2%2Fmedia&parent=31269"}],"wp:term":[{"taxonomy":"category","embeddable":true,"href":"https:\/\/icoinformativo.mx\/home\/index.php?rest_route=%2Fwp%2Fv2%2Fcategories&post=31269"},{"taxonomy":"post_tag","embeddable":true,"href":"https:\/\/icoinformativo.mx\/home\/index.php?rest_route=%2Fwp%2Fv2%2Ftags&post=31269"}],"curies":[{"name":"wp","href":"https:\/\/api.w.org\/{rel}","templated":true}]}}