{"id":31266,"date":"2025-03-01T03:26:59","date_gmt":"2025-03-01T03:26:59","guid":{"rendered":"https:\/\/icoinformativo.mx\/home\/?p=31266"},"modified":"2025-03-01T03:26:59","modified_gmt":"2025-03-01T03:26:59","slug":"chiapas-puede-eduardo-ramirez-pone-en-marcha-la-estrategia-estatal-para-erradicar-el-analfabetismo","status":"publish","type":"post","link":"https:\/\/icoinformativo.mx\/home\/?p=31266","title":{"rendered":"*\u201dChiapas Puede\u201d: Eduardo Ram\u00edrez pone en marcha la estrategia estatal para erradicar el analfabetismo*"},"content":{"rendered":"<p>Ante m\u00e1s de cuatro mil asistentes reunidos en el Polyforum Mesoamericano, el gobernador Eduardo Ram\u00edrez Aguilar dio el banderazo de arranque del Programa Estatal de Alfabetizaci\u00f3n \u00abChiapas Puede\u00bb, proyecto bandera de la Secretar\u00eda de Educaci\u00f3n Estatal que, en su primer semestre de operaci\u00f3n, busca alfabetizar a m\u00e1s de cien mil personas mayores de 15 a\u00f1os. Como parte del programa, las y los beneficiarios recibir\u00e1n un apoyo mensual, hasta por cuatro meses, a trav\u00e9s de la Beca Rosario Castellanos.<\/p>\n<p>&nbsp;<\/p>\n<p>El mandatario expres\u00f3 su emoci\u00f3n porque, ahora que se ha logrado consolidar la paz y la seguridad en Chiapas, inicia este gran proyecto social que representa una transformaci\u00f3n en la conciencia colectiva y un avance significativo en la educaci\u00f3n del estado. Destac\u00f3 que este esfuerzo es crucial ante la dolorosa realidad de que m\u00e1s de 500 mil chiapanecas y chiapanecos no saben leer y escribir.<\/p>\n<p>&nbsp;<\/p>\n<p>En ese sentido, hizo un llamado a todas las instituciones educativas y a las secretar\u00edas de Educaci\u00f3n, tanto federal como estatal, a asumir el compromiso de erradicar el analfabetismo y fomentar una educaci\u00f3n con valores humanistas. Subray\u00f3 que el aprendizaje no debe limitarse a mejorar las condiciones de vida, sino a formar mejores seres humanos, reducir la ignorancia y eliminar pr\u00e1cticas como el materialismo, el clasismo, el racismo y la indiferencia.<\/p>\n<p>&nbsp;<\/p>\n<p>\u201cVoy a poner todo mi esfuerzo para que ni un solo chiapaneco o chiapaneca se quede sin aprender a leer y escribir. Nosotros, esta generaci\u00f3n del gobierno, estamos haciendo lo propio, estamos actuando por convicci\u00f3n, por sentimiento, por compromiso social. Ahora les toca a ustedes hacer la otra parte. A nombre del pueblo de Chiapas que se va a alfabetizar, les digo: gracias. Este es un d\u00eda extraordinario que llevar\u00e9 siempre presente porque marca el inicio de la transformaci\u00f3n de nuestro estado\u201d, afirm\u00f3.<\/p>\n<p>&nbsp;<\/p>\n<p>El titular del Instituto Nacional para la Educaci\u00f3n de los Adultos (INEA), Armando Contreras Castillo, expres\u00f3 el respaldo de la presidenta de M\u00e9xico, Claudia Sheinbaum, y reconoci\u00f3 la visi\u00f3n humanista del gobernador, quien ha convertido este programa en su segundo eje de gobierno, despu\u00e9s de la construcci\u00f3n de la paz.<\/p>\n<p>&nbsp;<\/p>\n<p>Detall\u00f3 que con esta iniciativa, en la que m\u00e1s de 5 mil alfabetizadores ense\u00f1ar\u00e1n a leer y a escribir a 513 mil chiapanecas y chiapanecos, la entidad se posiciona como referente nacional en alfabetizaci\u00f3n. \u201cHemos visitado a 18 gobernadores y despu\u00e9s del gran impulso que ha recibido de Chiapas en esta materia, todo el pa\u00eds dice: vamos a alfabetizar a M\u00e9xico. Si Chiapas puede, M\u00e9xico tambi\u00e9n\u201d, agreg\u00f3.<\/p>\n<p>&nbsp;<\/p>\n<p>Por su parte, el secretario de Educaci\u00f3n, Roger Mandujano Ayala, anunci\u00f3 la apertura de las plataformas del programa Chiapas Puede, donde la participaci\u00f3n voluntaria de j\u00f3venes y docentes es el eje operativo y refleja la transformaci\u00f3n social hacia una nueva conciencia, basada en cuatro principios filos\u00f3ficos: Lekil kuxlejal, el buen vivir; Lekil Chanel, el buen aprendizaje; Ich\u2019el ta muk\u2019, sentir respeto o lealtad hacia algo o alguien; y K\u2019uxubinel, que se usa para expresar amor, cari\u00f1o y ternura. Estos valores, dijo, permitir\u00e1n una ense\u00f1anza con humildad y empat\u00eda para lograr resultados significativos.<\/p>\n<p>&nbsp;<\/p>\n<p>En representaci\u00f3n de las y los estudiantes ALFA, Citlalli Gabriela Sol\u00eds Garc\u00eda, de la Licenciatura en Pedagog\u00eda de la Universidad Aut\u00f3noma de Chiapas, refrend\u00f3 el compromiso propio y de sus compa\u00f1eras y compa\u00f1eros alfabetizadores de poner todo su esfuerzo y conocimientos para contribuir a que m\u00e1s chiapanecas y chiapanecos salgan del rezago educativo.<\/p>\n<p>&nbsp;<\/p>\n<p>Cabe apuntar que Chiapas registra el primer lugar nacional de analfabetismo con 13 por ciento de su poblaci\u00f3n en tal condici\u00f3n, circunstancia de exclusi\u00f3n que afecta principalmente a mujeres y a personas de los pueblos originarios, generalmente en situaci\u00f3n de pobreza.<\/p>\n<p>&nbsp;<\/p>\n<p>Esta apuesta capital del gobernador Ram\u00edrez Aguilar para abatir el analfabetismo y propiciar mejores condiciones de vida para la poblaci\u00f3n, a partir de una mejor inclusi\u00f3n social y econ\u00f3mica, est\u00e1 fundamentada en el modelo intercultural biling\u00fce Mat\u00edas de C\u00f3rdova, una propuesta de etnopedagog\u00edas y de pedagog\u00edas descoloniales que busca la apropiaci\u00f3n de la lectura y la escritura en sus propias lenguas y saberes.<\/p>\n<p>&nbsp;<\/p>\n<p>Esta estrategia de alfabetizaci\u00f3n es un esfuerzo conjunto entre sociedad y gobierno al contar con la activa participaci\u00f3n de las universidades estatales p\u00fablicas, iniciativa privada, instituciones p\u00fablicas de educaci\u00f3n media superior y que involucra tambi\u00e9n a c\u00e1maras, agrupaciones profesionales y organizaciones de la sociedad civil organizada.<\/p>\n<p>&nbsp;<\/p>\n<p>Estuvieron presentes: la se\u00f1ora Sof\u00eda Espinoza Abarca, el diputado presidente de la Mesa Directiva del Congreso del Estado, Luis Ignacio Avendan\u0303o Bermu\u0301dez; el magistrado presidente del Tribunal Superior de Justicia del Estado, Juan Carlos Moreno Guille\u0301n; el secretario del Humanismo, Francisco Chac\u00f3n S\u00e1nchez; el titular del Instituto Chiapaneco de Educaci\u00f3n para J\u00f3venes y Adultos (Icheja), Sergio David Molina G\u00f3mez; as\u00ed como servidoras y servidores del pueblo, legisladoras y legisladores, entre otros.<\/p>\n","protected":false},"excerpt":{"rendered":"<p>Ante m\u00e1s de cuatro mil asistentes reunidos en el Polyforum Mesoamericano, el gobernador Eduardo Ram\u00edrez&#8230;<\/p>\n","protected":false},"author":2,"featured_media":31267,"comment_status":"closed","ping_status":"closed","sticky":false,"template":"","format":"standard","meta":{"_joinchat":[],"footnotes":""},"categories":[18,1,2,3],"tags":[],"class_list":["post-31266","post","type-post","status-publish","format-standard","has-post-thumbnail","hentry","category-almomento","category-boletin","category-estado","category-health"],"_links":{"self":[{"href":"https:\/\/icoinformativo.mx\/home\/index.php?rest_route=\/wp\/v2\/posts\/31266","targetHints":{"allow":["GET"]}}],"collection":[{"href":"https:\/\/icoinformativo.mx\/home\/index.php?rest_route=\/wp\/v2\/posts"}],"about":[{"href":"https:\/\/icoinformativo.mx\/home\/index.php?rest_route=\/wp\/v2\/types\/post"}],"author":[{"embeddable":true,"href":"https:\/\/icoinformativo.mx\/home\/index.php?rest_route=\/wp\/v2\/users\/2"}],"replies":[{"embeddable":true,"href":"https:\/\/icoinformativo.mx\/home\/index.php?rest_route=%2Fwp%2Fv2%2Fcomments&post=31266"}],"version-history":[{"count":1,"href":"https:\/\/icoinformativo.mx\/home\/index.php?rest_route=\/wp\/v2\/posts\/31266\/revisions"}],"predecessor-version":[{"id":31268,"href":"https:\/\/icoinformativo.mx\/home\/index.php?rest_route=\/wp\/v2\/posts\/31266\/revisions\/31268"}],"wp:featuredmedia":[{"embeddable":true,"href":"https:\/\/icoinformativo.mx\/home\/index.php?rest_route=\/wp\/v2\/media\/31267"}],"wp:attachment":[{"href":"https:\/\/icoinformativo.mx\/home\/index.php?rest_route=%2Fwp%2Fv2%2Fmedia&parent=31266"}],"wp:term":[{"taxonomy":"category","embeddable":true,"href":"https:\/\/icoinformativo.mx\/home\/index.php?rest_route=%2Fwp%2Fv2%2Fcategories&post=31266"},{"taxonomy":"post_tag","embeddable":true,"href":"https:\/\/icoinformativo.mx\/home\/index.php?rest_route=%2Fwp%2Fv2%2Ftags&post=31266"}],"curies":[{"name":"wp","href":"https:\/\/api.w.org\/{rel}","templated":true}]}}