{"id":31260,"date":"2025-03-01T03:20:06","date_gmt":"2025-03-01T03:20:06","guid":{"rendered":"https:\/\/icoinformativo.mx\/home\/?p=31260"},"modified":"2025-03-01T03:20:06","modified_gmt":"2025-03-01T03:20:06","slug":"impulsa-eduardo-ramirez-fuerza-interinstitucional-para-prevenir-incendios-y-desastres-en-chiapas","status":"publish","type":"post","link":"https:\/\/icoinformativo.mx\/home\/?p=31260","title":{"rendered":"Impulsa Eduardo Ram\u00edrez fuerza interinstitucional para prevenir incendios y desastres en Chiapas"},"content":{"rendered":"<p>&nbsp;<\/p>\n<p>Durante la presentaci\u00f3n de la Fuerza Interinstitucional para Casos de Emergencia o Desastres, el gobernador Eduardo Ram\u00edrez Aguilar resalt\u00f3 la importancia de la coordinaci\u00f3n para proteger los ecosistemas, prevenir y combatir incendios forestales, as\u00ed como salvaguardar la vida, el patrimonio y la integridad del pueblo chiapaneco ante los riesgos derivados de fen\u00f3menos naturales y actividades humanas.<\/p>\n<p>&nbsp;<\/p>\n<p>Acompa\u00f1ado por el comandante de la 31 Zona Militar, Rom\u00e1n Villalvazo Barrios; el comandante de la S\u00e9ptima Regi\u00f3n Militar, Alejandro Vargas Gonz\u00e1lez y el coordinador estatal de la Guardia Nacional, Antonio Hern\u00e1ndez Tejeda, el mandatario lament\u00f3 que Chiapas registre m\u00e1s de 180 mil hect\u00e1reas afectadas por incendios y deforestaci\u00f3n, situaci\u00f3n que calific\u00f3 como vergonzosa. En este contexto, enfatiz\u00f3 que fortalecer los lazos de cooperaci\u00f3n permitir\u00e1 garantizar un mejor medio ambiente en beneficio de la poblaci\u00f3n.<\/p>\n<p>&nbsp;<\/p>\n<p>\u00abLa estrategia de seguridad ha sido exitosa, gracias a la coordinaci\u00f3n. Ahora tenemos el reto de prevenir incendios, y estoy seguro de que vamos a entregar buenos resultados. Nos estamos adelantando a la temporada cr\u00edtica para implementar acciones que nos ayuden a dejar atr\u00e1s el primer lugar en incendios y fomentar una conciencia ambiental en las comunidades, escuelas e instituciones para el cuidado de la madre tierra\u00bb, expres\u00f3.<\/p>\n<p>&nbsp;<\/p>\n<p>Tras reiterar que no escatimar\u00e1 recursos para la prevenci\u00f3n de incendios, el gobernador hizo un llamado a los m\u00e1s de tres mil ejidos del estado para fortalecer la comunicaci\u00f3n y denunciar a quienes provoquen estos siniestros. Asimismo, anunci\u00f3 que solicitar\u00e1 al Gobierno de M\u00e9xico, encabezado por la presidenta Claudia Sheinbaum, que los ejidos y comunidades que no se sumen a esta labor ambiental sean excluidos de los programas sociales.<\/p>\n<p>&nbsp;<\/p>\n<p>\u00abSolos no podremos evitar los incendios, pero si tenemos la cooperaci\u00f3n de las comunidades, ejidos y rancher\u00edas lo lograremos. Si se condiciona el apoyo al campo que reciben de manera anual, ser\u00e1 una medida acertada por parte del Gobierno de M\u00e9xico, y nosotros respaldamos esta decisi\u00f3n. Ser\u00e1 una medida preventiva, pero tambi\u00e9n un llamado a la conciencia\u00bb, afirm\u00f3.<\/p>\n<p>&nbsp;<\/p>\n<p>Ram\u00edrez Aguilar dijo que Chiapas es vulnerable por su posici\u00f3n geogr\u00e1fica, por lo tanto, la prevenci\u00f3n de desastres tambi\u00e9n es un componente de paz. Asegur\u00f3 que, a la par a estas tareas de reducci\u00f3n de riesgos, ha iniciado la restauraci\u00f3n de las microcuencas, con el deseo de que en 2026 se consolide el proyecto de reforestaci\u00f3n m\u00e1s ambicioso que haya tenido la entidad.<\/p>\n<p>&nbsp;<\/p>\n<p>Por su parte, el comandante de la 31 Zona Militar, Rom\u00e1n Villalvazo Barrios, celebr\u00f3 la integraci\u00f3n de esta fuerza interinstitucional, destacando que la suma de esfuerzos garantizar\u00e1 mayor seguridad para el pueblo chiapaneco. Subray\u00f3 que esta acci\u00f3n marca una transici\u00f3n clave hacia una mejor organizaci\u00f3n y respuesta ante las emergencias.<\/p>\n<p>&nbsp;<\/p>\n<p>Detall\u00f3 que el grupo est\u00e1 integrado por personal de Protecci\u00f3n Civil, Secretar\u00eda de Seguridad del Pueblo, Fiscal\u00eda General del Estado, Secretar\u00eda de Medio Ambiente e Historia Natural, Comisi\u00f3n Nacional Forestal, Ej\u00e9rcito Mexicano, Fuerza A\u00e9rea y Guardia Nacional, con la capacidad de atender desastres geol\u00f3gicos, hidrometeorol\u00f3gicos, qu\u00edmicos y sociorganizativos, con prioridad en la atenci\u00f3n de incendios.<\/p>\n<p>&nbsp;<\/p>\n<p>El secretario de Protecci\u00f3n Civil, Mauricio Cordero Rodr\u00edguez, indic\u00f3 que cada instituci\u00f3n desempe\u00f1ar\u00e1 un papel clave en la reducci\u00f3n de riesgos, atenci\u00f3n de emergencias y recuperaci\u00f3n de las comunidades. Agradeci\u00f3 el compromiso demostrado e inst\u00f3 a seguir trabajando con unidad y determinaci\u00f3n, para brindar una atenci\u00f3n eficaz en momentos de crisis.<\/p>\n<p>&nbsp;<\/p>\n<p>\u201cCada acci\u00f3n que tomemos hoy puede salvar vidas en el futuro. Nuestro compromiso es fortalecer la coordinaci\u00f3n, compartir informaci\u00f3n en tiempo real y optimizar recursos para que, cuando la naturaleza nos ponga a prueba, estemos preparados para actuar con eficacia y rapidez\u201d, afirm\u00f3.<\/p>\n<p>&nbsp;<\/p>\n<p>Estuvieron presentes: el diputado presidente de la Mesa Directiva del Congreso del Estado, Luis Ignacio Avenda\u00f1o Berm\u00fadez; el magistrado presidente del Tribunal Superior de Justicia del Estado, Juan Carlos Moreno Guill\u00e9n; y las secretarias de Gobierno y Mediaci\u00f3n, Patricia Conde Ruiz y de Medio Ambiente e Historia Natural, Magdalena Torres Abarca.<\/p>\n<p>&nbsp;<\/p>\n<p>Asimismo, el fiscal general del Estado, Jorge Luis Llaven Abarca; el secretario de Seguridad del Pueblo, \u00d3scar Alberto Aparicio Avenda\u00f1o; el jefe de la Oficina de Gubernatura, Fernando Berm\u00fadez Velasco; el promotor de Desarrollo Forestal de la Conafor en Chiapas, Carlos Morales V\u00e1zquez; as\u00ed como los alcaldes de Tuxtla Guti\u00e9rrez, Angel Torres Culebro y de Berrioz\u00e1bal, Jorge Arturo Acero G\u00f3mez, entre otros.<\/p>\n","protected":false},"excerpt":{"rendered":"<p>&nbsp; Durante la presentaci\u00f3n de la Fuerza Interinstitucional para Casos de Emergencia o Desastres, el&#8230;<\/p>\n","protected":false},"author":2,"featured_media":31261,"comment_status":"closed","ping_status":"closed","sticky":false,"template":"","format":"standard","meta":{"_joinchat":[],"footnotes":""},"categories":[18,1,2,3],"tags":[],"class_list":["post-31260","post","type-post","status-publish","format-standard","has-post-thumbnail","hentry","category-almomento","category-boletin","category-estado","category-health"],"_links":{"self":[{"href":"https:\/\/icoinformativo.mx\/home\/index.php?rest_route=\/wp\/v2\/posts\/31260","targetHints":{"allow":["GET"]}}],"collection":[{"href":"https:\/\/icoinformativo.mx\/home\/index.php?rest_route=\/wp\/v2\/posts"}],"about":[{"href":"https:\/\/icoinformativo.mx\/home\/index.php?rest_route=\/wp\/v2\/types\/post"}],"author":[{"embeddable":true,"href":"https:\/\/icoinformativo.mx\/home\/index.php?rest_route=\/wp\/v2\/users\/2"}],"replies":[{"embeddable":true,"href":"https:\/\/icoinformativo.mx\/home\/index.php?rest_route=%2Fwp%2Fv2%2Fcomments&post=31260"}],"version-history":[{"count":1,"href":"https:\/\/icoinformativo.mx\/home\/index.php?rest_route=\/wp\/v2\/posts\/31260\/revisions"}],"predecessor-version":[{"id":31262,"href":"https:\/\/icoinformativo.mx\/home\/index.php?rest_route=\/wp\/v2\/posts\/31260\/revisions\/31262"}],"wp:featuredmedia":[{"embeddable":true,"href":"https:\/\/icoinformativo.mx\/home\/index.php?rest_route=\/wp\/v2\/media\/31261"}],"wp:attachment":[{"href":"https:\/\/icoinformativo.mx\/home\/index.php?rest_route=%2Fwp%2Fv2%2Fmedia&parent=31260"}],"wp:term":[{"taxonomy":"category","embeddable":true,"href":"https:\/\/icoinformativo.mx\/home\/index.php?rest_route=%2Fwp%2Fv2%2Fcategories&post=31260"},{"taxonomy":"post_tag","embeddable":true,"href":"https:\/\/icoinformativo.mx\/home\/index.php?rest_route=%2Fwp%2Fv2%2Ftags&post=31260"}],"curies":[{"name":"wp","href":"https:\/\/api.w.org\/{rel}","templated":true}]}}