{"id":31256,"date":"2025-03-01T03:17:24","date_gmt":"2025-03-01T03:17:24","guid":{"rendered":"https:\/\/icoinformativo.mx\/home\/?p=31256"},"modified":"2025-03-01T03:17:24","modified_gmt":"2025-03-01T03:17:24","slug":"fomentando-la-lectura-y-el-cuidado-del-medio-ambiente-en-pichucalco","status":"publish","type":"post","link":"https:\/\/icoinformativo.mx\/home\/?p=31256","title":{"rendered":"Fomentando la Lectura y el Cuidado del Medio Ambiente en Pichucalco"},"content":{"rendered":"<p>&nbsp;<\/p>\n<p>El Gobierno Municipal de Pichucalco, presidido por el Mtro. Andr\u00e9s Carballo C\u00f3rdova, reconoce la importancia de acercar a nuestros ni\u00f1os a la lectura y la cultura del cuidado del medio ambiente. Por tal motivo, las directoras de Medio Ambiente y la Biblioteca Municipal \u00abRosario Castellanos\u00bb han llevado a cabo actividades en el Jard\u00edn de Ni\u00f1os \u00abAmalia del Castillo Led\u00f3n\u00bb.<\/p>\n<p>&nbsp;<\/p>\n<p>Estas actividades incluyeron la proyecci\u00f3n de un cuento, una charla y colorear dibujos alusivos al cuidado del medio ambiente.<\/p>\n<p>&nbsp;<\/p>\n<p>Con estas iniciativas, se busca que los ni\u00f1os tengan un mayor acercamiento a los libros y fomentar la lectura a trav\u00e9s de ilustraciones al mismo tiempo que conocen la importancia del cuidado del medio ambiente.<\/p>\n<p>&nbsp;<\/p>\n<p>#AccionesQueContribuyenAlCambio #Pichucalco #Educaci\u00f3nAmbiental #FomentoALaLectura<\/p>\n","protected":false},"excerpt":{"rendered":"<p>&nbsp; El Gobierno Municipal de Pichucalco, presidido por el Mtro. Andr\u00e9s Carballo C\u00f3rdova, reconoce la&#8230;<\/p>\n","protected":false},"author":2,"featured_media":31257,"comment_status":"closed","ping_status":"closed","sticky":false,"template":"","format":"standard","meta":{"_joinchat":[],"footnotes":""},"categories":[18,1,2,3],"tags":[],"class_list":["post-31256","post","type-post","status-publish","format-standard","has-post-thumbnail","hentry","category-almomento","category-boletin","category-estado","category-health"],"_links":{"self":[{"href":"https:\/\/icoinformativo.mx\/home\/index.php?rest_route=\/wp\/v2\/posts\/31256","targetHints":{"allow":["GET"]}}],"collection":[{"href":"https:\/\/icoinformativo.mx\/home\/index.php?rest_route=\/wp\/v2\/posts"}],"about":[{"href":"https:\/\/icoinformativo.mx\/home\/index.php?rest_route=\/wp\/v2\/types\/post"}],"author":[{"embeddable":true,"href":"https:\/\/icoinformativo.mx\/home\/index.php?rest_route=\/wp\/v2\/users\/2"}],"replies":[{"embeddable":true,"href":"https:\/\/icoinformativo.mx\/home\/index.php?rest_route=%2Fwp%2Fv2%2Fcomments&post=31256"}],"version-history":[{"count":1,"href":"https:\/\/icoinformativo.mx\/home\/index.php?rest_route=\/wp\/v2\/posts\/31256\/revisions"}],"predecessor-version":[{"id":31258,"href":"https:\/\/icoinformativo.mx\/home\/index.php?rest_route=\/wp\/v2\/posts\/31256\/revisions\/31258"}],"wp:featuredmedia":[{"embeddable":true,"href":"https:\/\/icoinformativo.mx\/home\/index.php?rest_route=\/wp\/v2\/media\/31257"}],"wp:attachment":[{"href":"https:\/\/icoinformativo.mx\/home\/index.php?rest_route=%2Fwp%2Fv2%2Fmedia&parent=31256"}],"wp:term":[{"taxonomy":"category","embeddable":true,"href":"https:\/\/icoinformativo.mx\/home\/index.php?rest_route=%2Fwp%2Fv2%2Fcategories&post=31256"},{"taxonomy":"post_tag","embeddable":true,"href":"https:\/\/icoinformativo.mx\/home\/index.php?rest_route=%2Fwp%2Fv2%2Ftags&post=31256"}],"curies":[{"name":"wp","href":"https:\/\/api.w.org\/{rel}","templated":true}]}}