{"id":31250,"date":"2025-03-01T03:07:13","date_gmt":"2025-03-01T03:07:13","guid":{"rendered":"https:\/\/icoinformativo.mx\/home\/?p=31250"},"modified":"2025-03-01T03:07:13","modified_gmt":"2025-03-01T03:07:13","slug":"autoridades-estatales-y-federales-logran-la-detencion-de-la-cabra","status":"publish","type":"post","link":"https:\/\/icoinformativo.mx\/home\/?p=31250","title":{"rendered":"Autoridades estatales y federales logran la detenci\u00f3n de \u201cLa Cabra\u201d"},"content":{"rendered":"<p>&nbsp;<\/p>\n<p>Despu\u00e9s de una exhaustiva investigaci\u00f3n la Secretar\u00eda de Seguridad del Pueblo (SSP) a trav\u00e9s de la Fuerza de Reacci\u00f3n Inmediata Pakal (FRIP) en coordinaci\u00f3n con la Agencia de Investigaci\u00f3n e Inteligencia Ministerial de la Fiscal\u00eda General del Estado de Chiapas, la Fiscal\u00eda General del Estado de Tabasco, Defensa, Guardia Nacional y la Secretar\u00eda de Seguridad y Protecci\u00f3n Ciudadana (SSPC) del gobierno federal lograron la detenci\u00f3n de Cabrero \u201cN\u201d, tambi\u00e9n conocido como \u00abLa Cabra\u00bb, en Villahermosa, Tabasco.<\/p>\n<p>&nbsp;<\/p>\n<p>Se le imputan los delitos de desaparici\u00f3n forzada de personas cometidas por particulares, extorsi\u00f3n y lesiones calificadas. Adem\u00e1s, se cree que \u00abLa Cabra\u00bb manten\u00eda bajo violencia la zona selva en el norte del estado, provocando temor en la poblaci\u00f3n.<\/p>\n<p>&nbsp;<\/p>\n<p>La detenci\u00f3n se llev\u00f3 a cabo gracias a la colaboraci\u00f3n entre las autoridades de seguridad de Chiapas y Tabasco.<\/p>\n<p>&nbsp;<\/p>\n<p>El detenido ser\u00e1 puesto a disposici\u00f3n del \u00d3rgano Jurisdiccional requirente, quien determinar\u00e1 su situaci\u00f3n jur\u00eddica.<\/p>\n<p>&nbsp;<\/p>\n<p>Con esta detenci\u00f3n, se demuestra el compromiso de las autoridades de seguridad del estado de Chiapas, de seguir en la lucha contra la delincuencia y garantizar espacios de seguridad y tranquilidad en todo el territorio chiapaneco.<\/p>\n","protected":false},"excerpt":{"rendered":"<p>&nbsp; Despu\u00e9s de una exhaustiva investigaci\u00f3n la Secretar\u00eda de Seguridad del Pueblo (SSP) a trav\u00e9s&#8230;<\/p>\n","protected":false},"author":2,"featured_media":31251,"comment_status":"closed","ping_status":"closed","sticky":false,"template":"","format":"standard","meta":{"_joinchat":[],"footnotes":""},"categories":[18,1,2,3],"tags":[],"class_list":["post-31250","post","type-post","status-publish","format-standard","has-post-thumbnail","hentry","category-almomento","category-boletin","category-estado","category-health"],"_links":{"self":[{"href":"https:\/\/icoinformativo.mx\/home\/index.php?rest_route=\/wp\/v2\/posts\/31250","targetHints":{"allow":["GET"]}}],"collection":[{"href":"https:\/\/icoinformativo.mx\/home\/index.php?rest_route=\/wp\/v2\/posts"}],"about":[{"href":"https:\/\/icoinformativo.mx\/home\/index.php?rest_route=\/wp\/v2\/types\/post"}],"author":[{"embeddable":true,"href":"https:\/\/icoinformativo.mx\/home\/index.php?rest_route=\/wp\/v2\/users\/2"}],"replies":[{"embeddable":true,"href":"https:\/\/icoinformativo.mx\/home\/index.php?rest_route=%2Fwp%2Fv2%2Fcomments&post=31250"}],"version-history":[{"count":1,"href":"https:\/\/icoinformativo.mx\/home\/index.php?rest_route=\/wp\/v2\/posts\/31250\/revisions"}],"predecessor-version":[{"id":31252,"href":"https:\/\/icoinformativo.mx\/home\/index.php?rest_route=\/wp\/v2\/posts\/31250\/revisions\/31252"}],"wp:featuredmedia":[{"embeddable":true,"href":"https:\/\/icoinformativo.mx\/home\/index.php?rest_route=\/wp\/v2\/media\/31251"}],"wp:attachment":[{"href":"https:\/\/icoinformativo.mx\/home\/index.php?rest_route=%2Fwp%2Fv2%2Fmedia&parent=31250"}],"wp:term":[{"taxonomy":"category","embeddable":true,"href":"https:\/\/icoinformativo.mx\/home\/index.php?rest_route=%2Fwp%2Fv2%2Fcategories&post=31250"},{"taxonomy":"post_tag","embeddable":true,"href":"https:\/\/icoinformativo.mx\/home\/index.php?rest_route=%2Fwp%2Fv2%2Ftags&post=31250"}],"curies":[{"name":"wp","href":"https:\/\/api.w.org\/{rel}","templated":true}]}}