{"id":31238,"date":"2025-03-01T02:58:14","date_gmt":"2025-03-01T02:58:14","guid":{"rendered":"https:\/\/icoinformativo.mx\/home\/?p=31238"},"modified":"2025-03-01T02:58:14","modified_gmt":"2025-03-01T02:58:14","slug":"inaugura-cecytech-el-festival-academico-2025-etapa-estatal","status":"publish","type":"post","link":"https:\/\/icoinformativo.mx\/home\/?p=31238","title":{"rendered":"Inaugura Cecytech el Festival Acad\u00e9mico 2025, Etapa Estatal"},"content":{"rendered":"<p>&nbsp;<\/p>\n<p>\u2022 En esta edici\u00f3n, desarrollada de manera virtual, m\u00e1s de 130 estudiantes participaron con el objetivo de obtener su pase a la fase nacional a celebrarse en Valladolid, Yucat\u00e1n<\/p>\n<p>&nbsp;<\/p>\n<p>Tuxtla Guti\u00e9rrez, Chiapas.- El Colegio de Estudios Cient\u00edficos y Tecnol\u00f3gicos del Estado de Chiapas (Cecytech) inaugur\u00f3 el Festival Acad\u00e9mico Estatal 2025, Etapa Estatal, con el prop\u00f3sito de fortalecer el aprendizaje de las y los estudiantes, quienes demostrar\u00e1n sus habilidades y conocimientos en \u00e1reas fundamentales como Matem\u00e1ticas, Ciencias Experimentales, Humanidades, Comunicaci\u00f3n y Ciencias Sociales.<\/p>\n<p>El evento, desarrollado de manera virtual, cont\u00f3 con la presencia de Luis Guadalupe Morales \u00c1ngeles, director general del Cecytech; Rogelio Denis Casta\u00f1eda, director acad\u00e9mico del Colegio, y Ren\u00e9 Gregorio Vel\u00e1zquez Santiago, representante del Instituto de Evaluaci\u00f3n, Profesionalizaci\u00f3n y Promoci\u00f3n Docente de Chiapas. Adem\u00e1s, participaron directores de planteles y coordinadores acad\u00e9micos, quienes atestiguaron el inicio de esta competencia acad\u00e9mica que busca fortalecer la formaci\u00f3n de los estudiantes.<\/p>\n<p>Durante su intervenci\u00f3n, Morales \u00c1ngeles destac\u00f3 el compromiso del Cecytech con la educaci\u00f3n de calidad, resaltando los logros alcanzados en ediciones anteriores y reafirmando la importancia del festival como una oportunidad para que las y los estudiantes demuestren su talento y conocimientos.<\/p>\n<p>Por su parte, Denis Casta\u00f1eda destac\u00f3 que el evento ofrece a los estudiantes la oportunidad de participar en el \u00e1rea disciplinar de su inter\u00e9s, permiti\u00e9ndoles fortalecer sus habilidades, evaluar su desempe\u00f1o acad\u00e9mico y potenciar su formaci\u00f3n educativa.<\/p>\n<p>A su vez, Vel\u00e1zquez Santiago enfatiz\u00f3 la relevancia de estos espacios acad\u00e9micos en la construcci\u00f3n de competencias esenciales para los j\u00f3venes chiapanecos. \u00abEl Festival Acad\u00e9mico permite medir el impacto de nuestras estrategias educativas y mejorar continuamente los procesos de ense\u00f1anza-aprendizaje\u00bb, expres\u00f3.<\/p>\n<p>El Festival Acad\u00e9mico, organizado por la Coordinaci\u00f3n de Organismos Descentralizados Estatales de los Cecytes, tiene como prop\u00f3sito fomentar el pensamiento cr\u00edtico a trav\u00e9s del an\u00e1lisis, la reflexi\u00f3n y el di\u00e1logo, promoviendo el humanismo y la conciencia hist\u00f3rica para el desarrollo social, cultural y pol\u00edtico.<\/p>\n<p>La edici\u00f3n de este a\u00f1o se celebrar\u00e1 en abril en el Pueblo M\u00e1gico de Valladolid, Yucat\u00e1n, ofreciendo un espacio propicio para el intercambio acad\u00e9mico y el fortalecimiento del conocimiento.<\/p>\n","protected":false},"excerpt":{"rendered":"<p>&nbsp; \u2022 En esta edici\u00f3n, desarrollada de manera virtual, m\u00e1s de 130 estudiantes participaron con&#8230;<\/p>\n","protected":false},"author":2,"featured_media":31239,"comment_status":"closed","ping_status":"closed","sticky":false,"template":"","format":"standard","meta":{"_joinchat":[],"footnotes":""},"categories":[18,1,2,3],"tags":[],"class_list":["post-31238","post","type-post","status-publish","format-standard","has-post-thumbnail","hentry","category-almomento","category-boletin","category-estado","category-health"],"_links":{"self":[{"href":"https:\/\/icoinformativo.mx\/home\/index.php?rest_route=\/wp\/v2\/posts\/31238","targetHints":{"allow":["GET"]}}],"collection":[{"href":"https:\/\/icoinformativo.mx\/home\/index.php?rest_route=\/wp\/v2\/posts"}],"about":[{"href":"https:\/\/icoinformativo.mx\/home\/index.php?rest_route=\/wp\/v2\/types\/post"}],"author":[{"embeddable":true,"href":"https:\/\/icoinformativo.mx\/home\/index.php?rest_route=\/wp\/v2\/users\/2"}],"replies":[{"embeddable":true,"href":"https:\/\/icoinformativo.mx\/home\/index.php?rest_route=%2Fwp%2Fv2%2Fcomments&post=31238"}],"version-history":[{"count":1,"href":"https:\/\/icoinformativo.mx\/home\/index.php?rest_route=\/wp\/v2\/posts\/31238\/revisions"}],"predecessor-version":[{"id":31240,"href":"https:\/\/icoinformativo.mx\/home\/index.php?rest_route=\/wp\/v2\/posts\/31238\/revisions\/31240"}],"wp:featuredmedia":[{"embeddable":true,"href":"https:\/\/icoinformativo.mx\/home\/index.php?rest_route=\/wp\/v2\/media\/31239"}],"wp:attachment":[{"href":"https:\/\/icoinformativo.mx\/home\/index.php?rest_route=%2Fwp%2Fv2%2Fmedia&parent=31238"}],"wp:term":[{"taxonomy":"category","embeddable":true,"href":"https:\/\/icoinformativo.mx\/home\/index.php?rest_route=%2Fwp%2Fv2%2Fcategories&post=31238"},{"taxonomy":"post_tag","embeddable":true,"href":"https:\/\/icoinformativo.mx\/home\/index.php?rest_route=%2Fwp%2Fv2%2Ftags&post=31238"}],"curies":[{"name":"wp","href":"https:\/\/api.w.org\/{rel}","templated":true}]}}