{"id":31199,"date":"2025-02-26T03:22:55","date_gmt":"2025-02-26T03:22:55","guid":{"rendered":"https:\/\/icoinformativo.mx\/home\/?p=31199"},"modified":"2025-02-26T03:22:55","modified_gmt":"2025-02-26T03:22:55","slug":"31199","status":"publish","type":"post","link":"https:\/\/icoinformativo.mx\/home\/?p=31199","title":{"rendered":""},"content":{"rendered":"<p>&nbsp;<\/p>\n<p>1 \/ 2<\/p>\n<p>Vivienda para el Bienestar, tema prioritario en la Nueva ERA: Paco Chac\u00f3n<\/p>\n<p>&nbsp;<\/p>\n<p>&nbsp;<\/p>\n<p>\u00b7 El secretario del Humanismo destac\u00f3 que \u00fanicamente con el trabajo coordinado ser\u00e1 posible hacer de la vivienda un derecho accesible para quienes m\u00e1s lo necesitan<\/p>\n<p>&nbsp;<\/p>\n<p>&nbsp;<\/p>\n<p>En el marco del Programa Vivienda para el Bienestar, impulsado por la presidenta Claudia Sheinbaum y el gobernador Eduardo Ram\u00edrez, este martes se llev\u00f3 a cabo una reuni\u00f3n de seguimiento encabezada por el titular de la Secretar\u00eda del Humanismo, Francisco Chac\u00f3n.<\/p>\n<p>&nbsp;<\/p>\n<p>En este encuentro participaron representantes de los gobiernos federal, estatal y municipal, reafirmando el compromiso de garantizar el acceso a una vivienda digna para las familias chiapanecas.<\/p>\n<p>&nbsp;<\/p>\n<p>Durante la reuni\u00f3n, Francisco Chac\u00f3n exhort\u00f3 a las y los alcaldes que cuentan con reservas territoriales o propiedades registradas catastralmente a favor de sus municipios a destinarlas para el desarrollo de vivienda. Destac\u00f3 que esta iniciativa es clave para fortalecer la pol\u00edtica de bienestar y reducir el rezago habitacional en el estado.<\/p>\n<p>&nbsp;<\/p>\n<p>Dijo que el Plan de Vivienda representa un gran reto para todas y todos, por eso es fundamental que los tres \u00f3rdenes de gobierno trabajen en conjunto para hacerlo realidad. El primer paso, precis\u00f3, es identificar terrenos aptos para la construcci\u00f3n, ya que la demanda de vivienda en Chiapas es alta y sigue creciendo en todos los municipios.<\/p>\n<p>&nbsp;<\/p>\n<p>\u00abSi unimos esfuerzos y avanzamos con determinaci\u00f3n, podremos brindar a m\u00e1s familias chiapanecas la oportunidad de tener un hogar digno y seguro\u201d, afirm\u00f3 Francisco Chac\u00f3n.<\/p>\n<p>&nbsp;<\/p>\n<p>El Programa Vivienda para el Bienestar busca generar soluciones habitacionales accesibles y sustentables, priorizando a sectores vulnerables y promoviendo un modelo de desarrollo urbano ordenado. Con la colaboraci\u00f3n interinstitucional y el compromiso de los gobiernos locales, se avanza en la consolidaci\u00f3n de una estrategia que garantice el derecho a la vivienda digna para todas y todos.<\/p>\n<p>&nbsp;<\/p>\n<p>En la reuni\u00f3n participaron Anjanette Zebad\u00faa Soto, directora de Comunicaci\u00f3n Social de la Secretar\u00eda de Desarrollo Agrario, Territorial y Urbano (Sedatu); Roc\u00edo Ter\u00e1n Cruz, delegada del Infonavit en Chiapas; Luis Ernesto Sauza Guti\u00e9rrez, delegado de Canadevi en Chiapas; Jorge \u00c1ngel Marcos Vega, director regional de la Conavi; y Juan Ernesto S\u00e1nchez Garc\u00eda, enlace de la representaci\u00f3n en el Estado del Insus.<\/p>\n<p>&nbsp;<\/p>\n<p>Adem\u00e1s, la diputada Alejandra G\u00f3mez Mendoza, presidenta de la Comisi\u00f3n de Desarrollo Urbano y Obras P\u00fablicas del Congreso local; los presidentes municipales de Tuxtla Guti\u00e9rrez, Tapachula, Berrioz\u00e1bal, Chiapa de Corzo, Jiquipilas, Cintalapa y San Fernando; y la presidenta de San Crist\u00f3bal de Las Casas, as\u00ed como servidoras y servidores del pueblo de la Promotora de Vivienda, Instituto del Patrimonio, Catastro y Registro P\u00fablico de la Propiedad.<\/p>\n<p>&nbsp;<\/p>\n","protected":false},"excerpt":{"rendered":"<p>&nbsp; 1 \/ 2 Vivienda para el Bienestar, tema prioritario en la Nueva ERA: Paco&#8230;<\/p>\n","protected":false},"author":2,"featured_media":31200,"comment_status":"closed","ping_status":"closed","sticky":false,"template":"","format":"standard","meta":{"_joinchat":[],"footnotes":""},"categories":[18,1,2,3],"tags":[],"class_list":["post-31199","post","type-post","status-publish","format-standard","has-post-thumbnail","hentry","category-almomento","category-boletin","category-estado","category-health"],"_links":{"self":[{"href":"https:\/\/icoinformativo.mx\/home\/index.php?rest_route=\/wp\/v2\/posts\/31199","targetHints":{"allow":["GET"]}}],"collection":[{"href":"https:\/\/icoinformativo.mx\/home\/index.php?rest_route=\/wp\/v2\/posts"}],"about":[{"href":"https:\/\/icoinformativo.mx\/home\/index.php?rest_route=\/wp\/v2\/types\/post"}],"author":[{"embeddable":true,"href":"https:\/\/icoinformativo.mx\/home\/index.php?rest_route=\/wp\/v2\/users\/2"}],"replies":[{"embeddable":true,"href":"https:\/\/icoinformativo.mx\/home\/index.php?rest_route=%2Fwp%2Fv2%2Fcomments&post=31199"}],"version-history":[{"count":1,"href":"https:\/\/icoinformativo.mx\/home\/index.php?rest_route=\/wp\/v2\/posts\/31199\/revisions"}],"predecessor-version":[{"id":31201,"href":"https:\/\/icoinformativo.mx\/home\/index.php?rest_route=\/wp\/v2\/posts\/31199\/revisions\/31201"}],"wp:featuredmedia":[{"embeddable":true,"href":"https:\/\/icoinformativo.mx\/home\/index.php?rest_route=\/wp\/v2\/media\/31200"}],"wp:attachment":[{"href":"https:\/\/icoinformativo.mx\/home\/index.php?rest_route=%2Fwp%2Fv2%2Fmedia&parent=31199"}],"wp:term":[{"taxonomy":"category","embeddable":true,"href":"https:\/\/icoinformativo.mx\/home\/index.php?rest_route=%2Fwp%2Fv2%2Fcategories&post=31199"},{"taxonomy":"post_tag","embeddable":true,"href":"https:\/\/icoinformativo.mx\/home\/index.php?rest_route=%2Fwp%2Fv2%2Ftags&post=31199"}],"curies":[{"name":"wp","href":"https:\/\/api.w.org\/{rel}","templated":true}]}}