{"id":31196,"date":"2025-02-26T03:19:49","date_gmt":"2025-02-26T03:19:49","guid":{"rendered":"https:\/\/icoinformativo.mx\/home\/?p=31196"},"modified":"2025-02-26T03:19:49","modified_gmt":"2025-02-26T03:19:49","slug":"secretaria-de-finanzas-lleva-a-cabo-el-primer-foro-de-consulta-ciudadana-para-el-plan-estatal-de-desarrollo-2025-2030","status":"publish","type":"post","link":"https:\/\/icoinformativo.mx\/home\/?p=31196","title":{"rendered":"Secretar\u00eda de Finanzas lleva a cabo el Primer Foro de Consulta Ciudadana para el Plan Estatal de Desarrollo 2025-2030"},"content":{"rendered":"<ol>\n<li><\/li>\n<\/ol>\n<p>San Crist\u00f3bal de las Casas. 25 de febrero de 2025. Con el humanismo como caracter\u00edstica esencial de este gobierno, se escucharon las voces y propuestas de todos los sectores sociales en el Primer Foro de Consulta Ciudadana del Plan Estatal de Desarrollo (PED) 2025-2030, coordinado por la Secretar\u00eda de Finanzas.<\/p>\n<p>&nbsp;<\/p>\n<p>Este primer foro denominado Gobierno honesto, responsable y con resultados, fue inaugurado por la secretaria general de Gobierno, Patricia Conde Ruiz, en la ciudad de San Crist\u00f3bal de Las Casas a puertas abiertas, para y con el pueblo.<\/p>\n<p>&nbsp;<\/p>\n<p>En representaci\u00f3n del secretario de Finanzas, Manuel Pariente Gavito, asisti\u00f3 el subsecretario de Planeaci\u00f3n, Jos\u00e9 Antonio Zenteno Santiago.<\/p>\n<p>&nbsp;<\/p>\n<p>El objetivo del foro es fortalecer las pol\u00edticas p\u00fablicas en materia de transparencia y lograr resultados tangibles al final de este sexenio, con un humanismo que transforme la sociedad y la haga m\u00e1s responsable y participativa, a trav\u00e9s de un observatorio ciudadano.<\/p>\n<p>&nbsp;<\/p>\n<p>Se escucharon todas las voces, ideas y propuestas, con la certeza de que ser\u00e1n tomadas en cuenta para la integraci\u00f3n del Plan Estatal de Desarrollo, que ser\u00e1 presentado pr\u00f3ximamente ante el Congreso del Estado.<\/p>\n<p>&nbsp;<\/p>\n<p>En esta ocasi\u00f3n, el foro fue encabezado por la Secretar\u00eda Anticorrupci\u00f3n y Buen Gobierno, encabezada por Ana Laura Romero Basurto, con la participaci\u00f3n de figuras clave como el auditor superior del Estado, Jos\u00e9 Antonio Aguilar Meza, y la presidenta Municipal de San Crist\u00f3bal de Las Casas, Fabiola Ricci Diestel.<\/p>\n<p>&nbsp;<\/p>\n","protected":false},"excerpt":{"rendered":"<p>San Crist\u00f3bal de las Casas. 25 de febrero de 2025. Con el humanismo como caracter\u00edstica&#8230;<\/p>\n","protected":false},"author":2,"featured_media":31197,"comment_status":"closed","ping_status":"closed","sticky":false,"template":"","format":"standard","meta":{"_joinchat":[],"footnotes":""},"categories":[18,1,2,3],"tags":[],"class_list":["post-31196","post","type-post","status-publish","format-standard","has-post-thumbnail","hentry","category-almomento","category-boletin","category-estado","category-health"],"_links":{"self":[{"href":"https:\/\/icoinformativo.mx\/home\/index.php?rest_route=\/wp\/v2\/posts\/31196","targetHints":{"allow":["GET"]}}],"collection":[{"href":"https:\/\/icoinformativo.mx\/home\/index.php?rest_route=\/wp\/v2\/posts"}],"about":[{"href":"https:\/\/icoinformativo.mx\/home\/index.php?rest_route=\/wp\/v2\/types\/post"}],"author":[{"embeddable":true,"href":"https:\/\/icoinformativo.mx\/home\/index.php?rest_route=\/wp\/v2\/users\/2"}],"replies":[{"embeddable":true,"href":"https:\/\/icoinformativo.mx\/home\/index.php?rest_route=%2Fwp%2Fv2%2Fcomments&post=31196"}],"version-history":[{"count":1,"href":"https:\/\/icoinformativo.mx\/home\/index.php?rest_route=\/wp\/v2\/posts\/31196\/revisions"}],"predecessor-version":[{"id":31198,"href":"https:\/\/icoinformativo.mx\/home\/index.php?rest_route=\/wp\/v2\/posts\/31196\/revisions\/31198"}],"wp:featuredmedia":[{"embeddable":true,"href":"https:\/\/icoinformativo.mx\/home\/index.php?rest_route=\/wp\/v2\/media\/31197"}],"wp:attachment":[{"href":"https:\/\/icoinformativo.mx\/home\/index.php?rest_route=%2Fwp%2Fv2%2Fmedia&parent=31196"}],"wp:term":[{"taxonomy":"category","embeddable":true,"href":"https:\/\/icoinformativo.mx\/home\/index.php?rest_route=%2Fwp%2Fv2%2Fcategories&post=31196"},{"taxonomy":"post_tag","embeddable":true,"href":"https:\/\/icoinformativo.mx\/home\/index.php?rest_route=%2Fwp%2Fv2%2Ftags&post=31196"}],"curies":[{"name":"wp","href":"https:\/\/api.w.org\/{rel}","templated":true}]}}