{"id":31193,"date":"2025-02-26T03:15:46","date_gmt":"2025-02-26T03:15:46","guid":{"rendered":"https:\/\/icoinformativo.mx\/home\/?p=31193"},"modified":"2025-02-26T03:15:46","modified_gmt":"2025-02-26T03:15:46","slug":"cecytech-y-cruz-roja-mexicana-firman-convenio-en-beneficio-de-estudiantes","status":"publish","type":"post","link":"https:\/\/icoinformativo.mx\/home\/?p=31193","title":{"rendered":"Cecytech y Cruz Roja Mexicana firman convenio en beneficio de estudiantes"},"content":{"rendered":"<p>&nbsp;<\/p>\n<p>\u00b7 El acuerdo permitir\u00e1 que realicen su servicio social y pr\u00e1cticas profesionales en la benem\u00e9rita instituci\u00f3n<\/p>\n<p>&nbsp;<\/p>\n<p>Tuxtla Guti\u00e9rrez, Chiapas.\u2013 El Colegio de Estudios Cient\u00edficos y Tecnol\u00f3gicos del Estado de Chiapas (Cecytech) y la Cruz Roja Mexicana, delegaci\u00f3n Chiapas, firmaron un convenio de colaboraci\u00f3n interinstitucional que permitir\u00e1 a las y los estudiantes realizar su servicio social y pr\u00e1cticas profesionales en la benem\u00e9rita instituci\u00f3n, brind\u00e1ndoles experiencia en un entorno real y fomentando valores como la solidaridad y el compromiso con la comunidad.<\/p>\n<p>La firma del convenio se llev\u00f3 a cabo en la Sala de Medios \u201cMtra. Carmen V\u00e1zquez Hern\u00e1ndez\u201d del Colegio, y fue encabezada por Luis Guadalupe Morales \u00c1ngeles, director general del Cecytech, y \u00c1ngel Francisco Tovar Serrano, delegado estatal de la Cruz Roja Mexicana, quienes coincidieron en que esta alianza impulsar\u00e1 oportunidades para que las y los j\u00f3venes apliquen sus conocimientos en un \u00e1mbito profesional y contribuyan al bienestar de la sociedad.<\/p>\n<p>Morales \u00c1ngeles resalt\u00f3 la importancia de este convenio para la educaci\u00f3n integral de los estudiantes al destacar que el aprendizaje va m\u00e1s all\u00e1 del aula y que estas experiencias son clave para su desarrollo, adem\u00e1s, agradeci\u00f3 el respaldo del gobernador, Eduardo Ram\u00edrez Aguilar, por apoyar iniciativas que fortalecen la educaci\u00f3n en Chiapas.<\/p>\n<p>Por su parte, Joseuz Ramos Hern\u00e1ndez, director de Vinculaci\u00f3n del Cecytech, destac\u00f3 la importancia de establecer estos acuerdos que fortalecen la conexi\u00f3n entre la educaci\u00f3n y el \u00e1mbito profesional, permitiendo que el alumnado aplique sus conocimientos en un entorno real mientras desarrolla habilidades clave como el trabajo en equipo, la responsabilidad social y la empat\u00eda, lo que contribuye significativamente a su formaci\u00f3n integral y preparaci\u00f3n para el futuro.<\/p>\n<p>Tovar Serrano expres\u00f3 su satisfacci\u00f3n por esta alianza al subrayar que la Cruz Roja Mexicana siempre ha estado comprometida con la formaci\u00f3n de profesionales con vocaci\u00f3n de servicio y destac\u00f3 que este convenio reforzar\u00e1 la labor humanitaria al brindar la oportunidad invaluable del aprendizaje.<\/p>\n<p>Finalmente, las partes reafirmaron su compromiso de colaboraci\u00f3n para fortalecer el intercambio de apoyos operativos en educaci\u00f3n, trabajo, promoci\u00f3n e investigaci\u00f3n con el objetivo de generar un impacto positivo en la comunidad y potenciar el desarrollo dentro de sus respectivas competencias.<\/p>\n<p>&nbsp;<\/p>\n","protected":false},"excerpt":{"rendered":"<p>&nbsp; \u00b7 El acuerdo permitir\u00e1 que realicen su servicio social y pr\u00e1cticas profesionales en la&#8230;<\/p>\n","protected":false},"author":2,"featured_media":31194,"comment_status":"closed","ping_status":"closed","sticky":false,"template":"","format":"standard","meta":{"_joinchat":[],"footnotes":""},"categories":[18,1,2,3],"tags":[],"class_list":["post-31193","post","type-post","status-publish","format-standard","has-post-thumbnail","hentry","category-almomento","category-boletin","category-estado","category-health"],"_links":{"self":[{"href":"https:\/\/icoinformativo.mx\/home\/index.php?rest_route=\/wp\/v2\/posts\/31193","targetHints":{"allow":["GET"]}}],"collection":[{"href":"https:\/\/icoinformativo.mx\/home\/index.php?rest_route=\/wp\/v2\/posts"}],"about":[{"href":"https:\/\/icoinformativo.mx\/home\/index.php?rest_route=\/wp\/v2\/types\/post"}],"author":[{"embeddable":true,"href":"https:\/\/icoinformativo.mx\/home\/index.php?rest_route=\/wp\/v2\/users\/2"}],"replies":[{"embeddable":true,"href":"https:\/\/icoinformativo.mx\/home\/index.php?rest_route=%2Fwp%2Fv2%2Fcomments&post=31193"}],"version-history":[{"count":1,"href":"https:\/\/icoinformativo.mx\/home\/index.php?rest_route=\/wp\/v2\/posts\/31193\/revisions"}],"predecessor-version":[{"id":31195,"href":"https:\/\/icoinformativo.mx\/home\/index.php?rest_route=\/wp\/v2\/posts\/31193\/revisions\/31195"}],"wp:featuredmedia":[{"embeddable":true,"href":"https:\/\/icoinformativo.mx\/home\/index.php?rest_route=\/wp\/v2\/media\/31194"}],"wp:attachment":[{"href":"https:\/\/icoinformativo.mx\/home\/index.php?rest_route=%2Fwp%2Fv2%2Fmedia&parent=31193"}],"wp:term":[{"taxonomy":"category","embeddable":true,"href":"https:\/\/icoinformativo.mx\/home\/index.php?rest_route=%2Fwp%2Fv2%2Fcategories&post=31193"},{"taxonomy":"post_tag","embeddable":true,"href":"https:\/\/icoinformativo.mx\/home\/index.php?rest_route=%2Fwp%2Fv2%2Ftags&post=31193"}],"curies":[{"name":"wp","href":"https:\/\/api.w.org\/{rel}","templated":true}]}}