{"id":31190,"date":"2025-02-26T03:12:35","date_gmt":"2025-02-26T03:12:35","guid":{"rendered":"https:\/\/icoinformativo.mx\/home\/?p=31190"},"modified":"2025-02-26T03:12:35","modified_gmt":"2025-02-26T03:12:35","slug":"fortalecen-vinculos-entre-sectores-productivo-y-educativo-en-chiapas","status":"publish","type":"post","link":"https:\/\/icoinformativo.mx\/home\/?p=31190","title":{"rendered":"Fortalecen v\u00ednculos entre sectores productivo y educativo en Chiapas"},"content":{"rendered":"<p>&nbsp;<\/p>\n<p>Tuxtla Guti\u00e9rrez, Chiapas.- El titular de la Secretar\u00eda de Agricultura, Ganader\u00eda y Pesca de Chiapas (SAGyP), Marco Antonio Barba Arrocha, se reuni\u00f3 con el rector de la Universidad Aut\u00f3noma de Chiapas (Unach), Oswaldo Chac\u00f3n Rojas, para fortalecer la vinculaci\u00f3n entre los sectores productivo y educativo en el estado.<\/p>\n<p>&nbsp;<\/p>\n<p>Durante el encuentro se analizaron estrategias para integrar a nuevos m\u00e9dicos veterinarios e ingenieros agr\u00f3nomos al proyecto agropecuario de Chiapas, impulsando el desarrollo econ\u00f3mico y social de las regiones.<\/p>\n<p>&nbsp;<\/p>\n<p>Se anunci\u00f3 la pr\u00f3xima apertura de una convocatoria dirigida a m\u00e9dicos veterinarios interesados en el proceso de certificaci\u00f3n sanitaria en Chiapas, lo que permitir\u00e1 a las y los egresados de la Unach incorporarse al mercado laboral.<\/p>\n<p>&nbsp;<\/p>\n<p>Asimismo, se acord\u00f3 promover la vinculaci\u00f3n acad\u00e9mica y profesional mediante certificaciones y evaluaciones en la producci\u00f3n agr\u00edcola y ganadera, con el prop\u00f3sito de garantizar est\u00e1ndares de calidad y aumentar la competitividad del sector.<\/p>\n<p>&nbsp;<\/p>\n<p>La Unach ser\u00e1 responsable de certificar las evaluaciones de los sementales sometidos a pruebas gen\u00e9ticas en la nueva central de biotecnolog\u00eda reproductiva ubicada en el centro demostrativo de la Secretar\u00eda. Esto brindar\u00e1 certeza y direcci\u00f3n al proyecto de mejoramiento gen\u00e9tico en Chiapas.<\/p>\n<p>&nbsp;<\/p>\n<p>Barba Arrocha destac\u00f3 la importancia de contar con profesionales capacitados en todas las regiones del estado, y reafirm\u00f3 su compromiso de fortalecer el v\u00ednculo entre la academia y el sector productivo para impulsar el desarrollo agropecuario.<\/p>\n<p>&nbsp;<\/p>\n","protected":false},"excerpt":{"rendered":"<p>&nbsp; Tuxtla Guti\u00e9rrez, Chiapas.- El titular de la Secretar\u00eda de Agricultura, Ganader\u00eda y Pesca de&#8230;<\/p>\n","protected":false},"author":2,"featured_media":31191,"comment_status":"closed","ping_status":"closed","sticky":false,"template":"","format":"standard","meta":{"_joinchat":[],"footnotes":""},"categories":[18,1,2,3],"tags":[],"class_list":["post-31190","post","type-post","status-publish","format-standard","has-post-thumbnail","hentry","category-almomento","category-boletin","category-estado","category-health"],"_links":{"self":[{"href":"https:\/\/icoinformativo.mx\/home\/index.php?rest_route=\/wp\/v2\/posts\/31190","targetHints":{"allow":["GET"]}}],"collection":[{"href":"https:\/\/icoinformativo.mx\/home\/index.php?rest_route=\/wp\/v2\/posts"}],"about":[{"href":"https:\/\/icoinformativo.mx\/home\/index.php?rest_route=\/wp\/v2\/types\/post"}],"author":[{"embeddable":true,"href":"https:\/\/icoinformativo.mx\/home\/index.php?rest_route=\/wp\/v2\/users\/2"}],"replies":[{"embeddable":true,"href":"https:\/\/icoinformativo.mx\/home\/index.php?rest_route=%2Fwp%2Fv2%2Fcomments&post=31190"}],"version-history":[{"count":1,"href":"https:\/\/icoinformativo.mx\/home\/index.php?rest_route=\/wp\/v2\/posts\/31190\/revisions"}],"predecessor-version":[{"id":31192,"href":"https:\/\/icoinformativo.mx\/home\/index.php?rest_route=\/wp\/v2\/posts\/31190\/revisions\/31192"}],"wp:featuredmedia":[{"embeddable":true,"href":"https:\/\/icoinformativo.mx\/home\/index.php?rest_route=\/wp\/v2\/media\/31191"}],"wp:attachment":[{"href":"https:\/\/icoinformativo.mx\/home\/index.php?rest_route=%2Fwp%2Fv2%2Fmedia&parent=31190"}],"wp:term":[{"taxonomy":"category","embeddable":true,"href":"https:\/\/icoinformativo.mx\/home\/index.php?rest_route=%2Fwp%2Fv2%2Fcategories&post=31190"},{"taxonomy":"post_tag","embeddable":true,"href":"https:\/\/icoinformativo.mx\/home\/index.php?rest_route=%2Fwp%2Fv2%2Ftags&post=31190"}],"curies":[{"name":"wp","href":"https:\/\/api.w.org\/{rel}","templated":true}]}}