{"id":31187,"date":"2025-02-26T03:09:20","date_gmt":"2025-02-26T03:09:20","guid":{"rendered":"https:\/\/icoinformativo.mx\/home\/?p=31187"},"modified":"2025-02-26T03:09:20","modified_gmt":"2025-02-26T03:09:20","slug":"toma-protesta-comite-de-etica-del-isstech","status":"publish","type":"post","link":"https:\/\/icoinformativo.mx\/home\/?p=31187","title":{"rendered":"Toma protesta Comit\u00e9 de \u00e9tica del Isstech"},"content":{"rendered":"<div id=\"m_toolbarLayer\" class=\"layer\"><\/div>\n<div id=\"m_textViewLayer\" class=\"layer\">\n<div id=\"m_content\">\n<div id=\"pc1\">\n<div id=\"p1\">\n<ul>\n<li>\n<div>\u00b7 El director general, Armando Barrios Fierro, realiz\u00f3 la protesta de ley a sus\u00a0integrantes y llam\u00f3 a trabajar con compromiso, disposici\u00f3n, legalidad y\u00a0transparencia<\/div>\n<\/li>\n<\/ul>\n<div><\/div>\n<div>Con la presencia del director general del Isstech, Armando Barrios Fierro, como testigo de\u00a0honor, se llev\u00f3 a cabo la instalaci\u00f3n y toma de protesta del Comit\u00e9 de \u00c9tica y Prevenci\u00f3n de\u00a0Conflictos de Inter\u00e9s del Instituto de Seguridad Social de los Trabajadores del Estado de\u00a0Chiapas (Isstech), para el periodo 2025-2027.<\/div>\n<div><\/div>\n<div>En la toma de protesta a integrantes de este Comit\u00e9, Armando Barrios Fierro les solicit\u00f3\u00a0compromiso, disposici\u00f3n, legalidad y transparencia en beneficio de la poblaci\u00f3n afiliada y\u00a0pensionada del Instituto.<\/div>\n<div><\/div>\n<div>En su discurso, Barrios Fierro sostuvo que \u00abCero Tolerancia\u00bb y \u00abHumanismo que Transforma\u00bb\u00a0no son \u00fanicamente slogans institucionales, sino acciones que se est\u00e1n reflejando en el\u00a0bienestar del pueblo de Chiapas.<\/div>\n<div><\/div>\n<div>\u201cVamos a implementar acciones de capacitaci\u00f3n, sensibilizaci\u00f3n y difusi\u00f3n de la cultura de\u00a0la integridad en el ejercicio de la funci\u00f3n p\u00fablica, as\u00ed como la atenci\u00f3n de denuncias por\u00a0presuntas vulneraciones al C\u00f3digo de Honestidad y \u00c9tica\u201d, se\u00f1al\u00f3.<\/div>\n<div><\/div>\n<div>Por su parte, el presidente del Comit\u00e9 de \u00c9tica del Isstech, Marcelino de Jes\u00fas Aguilar\u00a0Zapata, destac\u00f3 que el Instituto ha entrado en una Nueva Era en la que la administraci\u00f3n,\u00a0bajo la filosof\u00eda del Humanismo que Transforma, encabezada por el gobernador Eduardo\u00a0Ram\u00edrez, est\u00e1 mejorando el tejido social, y el Isstech no se queda atr\u00e1s en este proceso.<\/div>\n<div><\/div>\n<div>Puntualiz\u00f3 que es necesario recuperar la confianza de la sociedad en las autoridades y en\u00a0las instituciones, por lo que el Comit\u00e9 de \u00c9tica del Isstech ser\u00e1 un pilar fundamental para\u00a0promover la transparencia y la honestidad dentro de la instituci\u00f3n.<\/div>\n<div><\/div>\n<div>En el evento estuvo presente Marcos Gil Astudillo, representante de Ana Laura Romero\u00a0Basurto, titular de la Secretar\u00eda Anticorrupci\u00f3n y Buen Gobierno del Estado de Chiapas.<\/div>\n<\/div>\n<hr class=\"pageHrV2\" \/>\n<\/div>\n<\/div>\n<\/div>\n","protected":false},"excerpt":{"rendered":"<p>\u00b7 El director general, Armando Barrios Fierro, realiz\u00f3 la protesta de ley a sus\u00a0integrantes y&#8230;<\/p>\n","protected":false},"author":2,"featured_media":31188,"comment_status":"closed","ping_status":"closed","sticky":false,"template":"","format":"standard","meta":{"_joinchat":[],"footnotes":""},"categories":[18,1,2,3],"tags":[],"class_list":["post-31187","post","type-post","status-publish","format-standard","has-post-thumbnail","hentry","category-almomento","category-boletin","category-estado","category-health"],"_links":{"self":[{"href":"https:\/\/icoinformativo.mx\/home\/index.php?rest_route=\/wp\/v2\/posts\/31187","targetHints":{"allow":["GET"]}}],"collection":[{"href":"https:\/\/icoinformativo.mx\/home\/index.php?rest_route=\/wp\/v2\/posts"}],"about":[{"href":"https:\/\/icoinformativo.mx\/home\/index.php?rest_route=\/wp\/v2\/types\/post"}],"author":[{"embeddable":true,"href":"https:\/\/icoinformativo.mx\/home\/index.php?rest_route=\/wp\/v2\/users\/2"}],"replies":[{"embeddable":true,"href":"https:\/\/icoinformativo.mx\/home\/index.php?rest_route=%2Fwp%2Fv2%2Fcomments&post=31187"}],"version-history":[{"count":1,"href":"https:\/\/icoinformativo.mx\/home\/index.php?rest_route=\/wp\/v2\/posts\/31187\/revisions"}],"predecessor-version":[{"id":31189,"href":"https:\/\/icoinformativo.mx\/home\/index.php?rest_route=\/wp\/v2\/posts\/31187\/revisions\/31189"}],"wp:featuredmedia":[{"embeddable":true,"href":"https:\/\/icoinformativo.mx\/home\/index.php?rest_route=\/wp\/v2\/media\/31188"}],"wp:attachment":[{"href":"https:\/\/icoinformativo.mx\/home\/index.php?rest_route=%2Fwp%2Fv2%2Fmedia&parent=31187"}],"wp:term":[{"taxonomy":"category","embeddable":true,"href":"https:\/\/icoinformativo.mx\/home\/index.php?rest_route=%2Fwp%2Fv2%2Fcategories&post=31187"},{"taxonomy":"post_tag","embeddable":true,"href":"https:\/\/icoinformativo.mx\/home\/index.php?rest_route=%2Fwp%2Fv2%2Ftags&post=31187"}],"curies":[{"name":"wp","href":"https:\/\/api.w.org\/{rel}","templated":true}]}}