{"id":31181,"date":"2025-02-26T02:36:00","date_gmt":"2025-02-26T02:36:00","guid":{"rendered":"https:\/\/icoinformativo.mx\/home\/?p=31181"},"modified":"2025-02-26T02:36:00","modified_gmt":"2025-02-26T02:36:00","slug":"fge-ssp-y-frip-ejecutan-orden-de-aprehension-por-presunto-delito-de-homicidio-calificado","status":"publish","type":"post","link":"https:\/\/icoinformativo.mx\/home\/?p=31181","title":{"rendered":"FGE, SSP y FRIP, ejecutan orden de aprehensi\u00f3n por presunto delito de homicidio calificado"},"content":{"rendered":"<p>&nbsp;<\/p>\n<p>\u2022 El indiciado presuntamente pertenece a un grupo generador de violencia del municipio de Pantelh\u00f3<\/p>\n<p>&nbsp;<\/p>\n<p>La Fiscal\u00eda General del Estado, la Secretar\u00eda de Seguridad del Pueblo y la Fuerza de Reacci\u00f3n Inmediata Pakal, cumplimentaron orden de aprehensi\u00f3n en contra de Crist\u00f3bal \u201cN\u201d, como presunto responsable del delito de homicidio calificado, cometido en agravio de quienes en vida respondieran a los nombres de Mariano \u201cN\u201d, El\u00edas \u201cN\u201d, Jos\u00e9 \u201cN\u201d, Benito \u201cN\u201d, Mart\u00edn \u201cN\u201d, Mariano \u201cN\u201d y Antonio \u201cN\u201d, por hechos ocurridos en el municipio de Pantelh\u00f3.<\/p>\n<p>&nbsp;<\/p>\n<p>De acuerdo con la carpeta de investigaci\u00f3n, en el mes de marzo de 2021, el presunto responsable y otras personas portando armas de fuego, realizaron disparos en contra de las v\u00edctimas, cuando se encontraban en la comunidad \u201cEl Roblar\u201d.<\/p>\n<p>&nbsp;<\/p>\n<p>Cabe se\u00f1alar que Crist\u00f3bal \u201cN\u201d, presuntamente pertenece a un grupo generador de violencia de ese municipio.<\/p>\n<p>&nbsp;<\/p>\n<p>El indiciado fue puesto a disposici\u00f3n del \u00f3rgano jurisdiccional, para que se determine su situaci\u00f3n jur\u00eddica.<\/p>\n<p>&nbsp;<\/p>\n<p>La Fiscal\u00eda General del Estado refrenda su firme compromiso con las y los chiapanecos para garantizar Cero Impunidad.<\/p>\n","protected":false},"excerpt":{"rendered":"<p>&nbsp; \u2022 El indiciado presuntamente pertenece a un grupo generador de violencia del municipio de&#8230;<\/p>\n","protected":false},"author":2,"featured_media":31182,"comment_status":"closed","ping_status":"closed","sticky":false,"template":"","format":"standard","meta":{"_joinchat":[],"footnotes":""},"categories":[18,1,2,3],"tags":[],"class_list":["post-31181","post","type-post","status-publish","format-standard","has-post-thumbnail","hentry","category-almomento","category-boletin","category-estado","category-health"],"_links":{"self":[{"href":"https:\/\/icoinformativo.mx\/home\/index.php?rest_route=\/wp\/v2\/posts\/31181","targetHints":{"allow":["GET"]}}],"collection":[{"href":"https:\/\/icoinformativo.mx\/home\/index.php?rest_route=\/wp\/v2\/posts"}],"about":[{"href":"https:\/\/icoinformativo.mx\/home\/index.php?rest_route=\/wp\/v2\/types\/post"}],"author":[{"embeddable":true,"href":"https:\/\/icoinformativo.mx\/home\/index.php?rest_route=\/wp\/v2\/users\/2"}],"replies":[{"embeddable":true,"href":"https:\/\/icoinformativo.mx\/home\/index.php?rest_route=%2Fwp%2Fv2%2Fcomments&post=31181"}],"version-history":[{"count":1,"href":"https:\/\/icoinformativo.mx\/home\/index.php?rest_route=\/wp\/v2\/posts\/31181\/revisions"}],"predecessor-version":[{"id":31183,"href":"https:\/\/icoinformativo.mx\/home\/index.php?rest_route=\/wp\/v2\/posts\/31181\/revisions\/31183"}],"wp:featuredmedia":[{"embeddable":true,"href":"https:\/\/icoinformativo.mx\/home\/index.php?rest_route=\/wp\/v2\/media\/31182"}],"wp:attachment":[{"href":"https:\/\/icoinformativo.mx\/home\/index.php?rest_route=%2Fwp%2Fv2%2Fmedia&parent=31181"}],"wp:term":[{"taxonomy":"category","embeddable":true,"href":"https:\/\/icoinformativo.mx\/home\/index.php?rest_route=%2Fwp%2Fv2%2Fcategories&post=31181"},{"taxonomy":"post_tag","embeddable":true,"href":"https:\/\/icoinformativo.mx\/home\/index.php?rest_route=%2Fwp%2Fv2%2Ftags&post=31181"}],"curies":[{"name":"wp","href":"https:\/\/api.w.org\/{rel}","templated":true}]}}