{"id":31178,"date":"2025-02-25T02:55:44","date_gmt":"2025-02-25T02:55:44","guid":{"rendered":"https:\/\/icoinformativo.mx\/home\/?p=31178"},"modified":"2025-02-25T02:55:44","modified_gmt":"2025-02-25T02:55:44","slug":"fge-y-ssp-ejecutan-orden-de-aprehension-por-presunto-delito-de-desaparicion-cometida-por-particulares","status":"publish","type":"post","link":"https:\/\/icoinformativo.mx\/home\/?p=31178","title":{"rendered":"FGE y SSP ejecutan orden de aprehensi\u00f3n por presunto delito de desaparici\u00f3n cometida por particulares"},"content":{"rendered":"<p>&nbsp;<\/p>\n<p>\u2022 Las v\u00edctimas fungen como servidores p\u00fablicos del ayuntamiento<\/p>\n<p>&nbsp;<\/p>\n<p>La Fiscal\u00eda General del Estado y la Secretar\u00eda de Seguridad del Pueblo cumplimentaron la orden de aprehensi\u00f3n en contra de H\u00e9ctor \u201cN\u201d, como presunto responsable del delito de desaparici\u00f3n cometida por particulares, en agravio de dos personas servidoras p\u00fablicas del ayuntamiento, por hechos ocurridos en el municipio de Huitiup\u00e1n.<\/p>\n<p>&nbsp;<\/p>\n<p>De acuerdo con la carpeta de investigaci\u00f3n, los habitantes de los ejidos El Azufre, Francisco Villa, Emiliano Zapata, Pabochil Covadonga, 5 de Mayo, Santa Catarina y Las Palmas, retuvieron a las v\u00edctimas, siendo el aprehendido uno de los l\u00edderes; posteriormente, las dejaron en libertad.<\/p>\n<p>&nbsp;<\/p>\n<p>El indiciado fue puesto a disposici\u00f3n del \u00f3rgano jurisdiccional, para que se determine su situaci\u00f3n jur\u00eddica.<\/p>\n<p>&nbsp;<\/p>\n<p>La Fiscal\u00eda General del Estado refrenda su firme compromiso con las y los chiapanecos para garantizar Cero Impunidad.<\/p>\n<p>&nbsp;<\/p>\n<p>#FGEChiapas #089DenunciaAn\u00f3nima #911Emergencias<\/p>\n<p>#JusticiaConHumanismo #CeroImpunidad<\/p>\n","protected":false},"excerpt":{"rendered":"<p>&nbsp; \u2022 Las v\u00edctimas fungen como servidores p\u00fablicos del ayuntamiento &nbsp; La Fiscal\u00eda General del&#8230;<\/p>\n","protected":false},"author":2,"featured_media":31179,"comment_status":"closed","ping_status":"closed","sticky":false,"template":"","format":"standard","meta":{"_joinchat":[],"footnotes":""},"categories":[18,1,2,3],"tags":[],"class_list":["post-31178","post","type-post","status-publish","format-standard","has-post-thumbnail","hentry","category-almomento","category-boletin","category-estado","category-health"],"_links":{"self":[{"href":"https:\/\/icoinformativo.mx\/home\/index.php?rest_route=\/wp\/v2\/posts\/31178","targetHints":{"allow":["GET"]}}],"collection":[{"href":"https:\/\/icoinformativo.mx\/home\/index.php?rest_route=\/wp\/v2\/posts"}],"about":[{"href":"https:\/\/icoinformativo.mx\/home\/index.php?rest_route=\/wp\/v2\/types\/post"}],"author":[{"embeddable":true,"href":"https:\/\/icoinformativo.mx\/home\/index.php?rest_route=\/wp\/v2\/users\/2"}],"replies":[{"embeddable":true,"href":"https:\/\/icoinformativo.mx\/home\/index.php?rest_route=%2Fwp%2Fv2%2Fcomments&post=31178"}],"version-history":[{"count":1,"href":"https:\/\/icoinformativo.mx\/home\/index.php?rest_route=\/wp\/v2\/posts\/31178\/revisions"}],"predecessor-version":[{"id":31180,"href":"https:\/\/icoinformativo.mx\/home\/index.php?rest_route=\/wp\/v2\/posts\/31178\/revisions\/31180"}],"wp:featuredmedia":[{"embeddable":true,"href":"https:\/\/icoinformativo.mx\/home\/index.php?rest_route=\/wp\/v2\/media\/31179"}],"wp:attachment":[{"href":"https:\/\/icoinformativo.mx\/home\/index.php?rest_route=%2Fwp%2Fv2%2Fmedia&parent=31178"}],"wp:term":[{"taxonomy":"category","embeddable":true,"href":"https:\/\/icoinformativo.mx\/home\/index.php?rest_route=%2Fwp%2Fv2%2Fcategories&post=31178"},{"taxonomy":"post_tag","embeddable":true,"href":"https:\/\/icoinformativo.mx\/home\/index.php?rest_route=%2Fwp%2Fv2%2Ftags&post=31178"}],"curies":[{"name":"wp","href":"https:\/\/api.w.org\/{rel}","templated":true}]}}