{"id":31175,"date":"2025-02-25T02:49:28","date_gmt":"2025-02-25T02:49:28","guid":{"rendered":"https:\/\/icoinformativo.mx\/home\/?p=31175"},"modified":"2025-02-25T02:49:28","modified_gmt":"2025-02-25T02:49:28","slug":"inician-clases-presenciales-en-el-plantel-59-pantelho-del-cobach","status":"publish","type":"post","link":"https:\/\/icoinformativo.mx\/home\/?p=31175","title":{"rendered":"Inician clases presenciales en el plantel 59 Pantelh\u00f3 del Cobach"},"content":{"rendered":"<p>&nbsp;<\/p>\n<p>\u00b7 Docentes y estudiantes de este centro educativo agradecieron al gobernador Eduardo Ram\u00edrez por el restablecimiento del orden en el municipio<\/p>\n<p>&nbsp;<\/p>\n<p>Pantelh\u00f3, Chiapas; 24 de febrero 2025.- Por instrucciones del gobernador Eduardo Ram\u00edrez Aguilar, este lunes el secretario de Educaci\u00f3n, Roger Mandujano Ayala, y el director general del Colegio de Bachilleres de Chiapas (Cobach), Miguel Prado de los Santos, supervisaron el inicio de clases presenciales en el plantel 59 de Pantelh\u00f3, luego de que las actividades de todo el sector educativo fueran suspendidas en este municipio, debido a los problemas sociales y la violencia generada entre grupos antag\u00f3nicos.<\/p>\n<p>&nbsp;<\/p>\n<p>Al dirigirse a la comunidad educativa de este centro escolar, el titular del Cobach destac\u00f3 la importancia de retornar a las responsabilidades acad\u00e9micas en forma presencial garantizando la seguridad de las y los cobachenses, \u201ces un compromiso cumplido del mandatario chiapaneco, por ello estamos aqu\u00ed para participar en este momento hist\u00f3rico para alumnas, alumnos, docentes, directivos, madres y padres de familia\u201d, abund\u00f3.<\/p>\n<p>&nbsp;<\/p>\n<p>Prado de los Santos manifest\u00f3 su reconocimiento al personal administrativo y docente de este plantel, pero sobre todo al alumnado, por su dedicaci\u00f3n y resiliencia durante este tiempo de aprendizaje a distancia. En ese sentido, pidi\u00f3 iniciar este nuevo ciclo escolar con todo el entusiasmo posible, pues marcar\u00e1 el camino hacia nuevas metas, logros y oportunidades.<\/p>\n<p>&nbsp;<\/p>\n<p>En una fecha importante en la que se conmemora el D\u00eda de la Bandera de M\u00e9xico, como s\u00edmbolo de identidad, unidad, soberan\u00eda, libertad y patriotismo, y en el marco de la ceremonia de honores al l\u00e1baro patrio, el personal y el alumnado de este plantel manifestaron su agradecimiento a las autoridades gubernamentales por hacer posible el retorno a clases y a la culminaci\u00f3n de la ola de violencia que viv\u00edan las y los pobladores de este municipio.<\/p>\n<p>&nbsp;<\/p>\n<p>Cabe resaltar que la interrupci\u00f3n de actividades en Pantelh\u00f3 afect\u00f3 a m\u00e1s de 2 mil estudiantes y 200 docentes de todos los niveles, ya que las escuelas permanecieron cerradas durante mucho tiempo; asimismo, muchas familias huyeron del lugar, por lo que el retorno a la normalidad ser\u00e1 paulatino.<\/p>\n","protected":false},"excerpt":{"rendered":"<p>&nbsp; \u00b7 Docentes y estudiantes de este centro educativo agradecieron al gobernador Eduardo Ram\u00edrez por&#8230;<\/p>\n","protected":false},"author":2,"featured_media":31176,"comment_status":"closed","ping_status":"closed","sticky":false,"template":"","format":"standard","meta":{"_joinchat":[],"footnotes":""},"categories":[18,1,2,3],"tags":[],"class_list":["post-31175","post","type-post","status-publish","format-standard","has-post-thumbnail","hentry","category-almomento","category-boletin","category-estado","category-health"],"_links":{"self":[{"href":"https:\/\/icoinformativo.mx\/home\/index.php?rest_route=\/wp\/v2\/posts\/31175","targetHints":{"allow":["GET"]}}],"collection":[{"href":"https:\/\/icoinformativo.mx\/home\/index.php?rest_route=\/wp\/v2\/posts"}],"about":[{"href":"https:\/\/icoinformativo.mx\/home\/index.php?rest_route=\/wp\/v2\/types\/post"}],"author":[{"embeddable":true,"href":"https:\/\/icoinformativo.mx\/home\/index.php?rest_route=\/wp\/v2\/users\/2"}],"replies":[{"embeddable":true,"href":"https:\/\/icoinformativo.mx\/home\/index.php?rest_route=%2Fwp%2Fv2%2Fcomments&post=31175"}],"version-history":[{"count":1,"href":"https:\/\/icoinformativo.mx\/home\/index.php?rest_route=\/wp\/v2\/posts\/31175\/revisions"}],"predecessor-version":[{"id":31177,"href":"https:\/\/icoinformativo.mx\/home\/index.php?rest_route=\/wp\/v2\/posts\/31175\/revisions\/31177"}],"wp:featuredmedia":[{"embeddable":true,"href":"https:\/\/icoinformativo.mx\/home\/index.php?rest_route=\/wp\/v2\/media\/31176"}],"wp:attachment":[{"href":"https:\/\/icoinformativo.mx\/home\/index.php?rest_route=%2Fwp%2Fv2%2Fmedia&parent=31175"}],"wp:term":[{"taxonomy":"category","embeddable":true,"href":"https:\/\/icoinformativo.mx\/home\/index.php?rest_route=%2Fwp%2Fv2%2Fcategories&post=31175"},{"taxonomy":"post_tag","embeddable":true,"href":"https:\/\/icoinformativo.mx\/home\/index.php?rest_route=%2Fwp%2Fv2%2Ftags&post=31175"}],"curies":[{"name":"wp","href":"https:\/\/api.w.org\/{rel}","templated":true}]}}