{"id":31172,"date":"2025-02-25T02:45:54","date_gmt":"2025-02-25T02:45:54","guid":{"rendered":"https:\/\/icoinformativo.mx\/home\/?p=31172"},"modified":"2025-02-25T02:45:54","modified_gmt":"2025-02-25T02:45:54","slug":"iap-chiapas-capacita-a-organismos-de-la-administracion-publica-estatal-en-materia-de-atribuciones-de-las-unidades-de-apoyo-administrativo","status":"publish","type":"post","link":"https:\/\/icoinformativo.mx\/home\/?p=31172","title":{"rendered":"IAP Chiapas capacita a organismos de la administraci\u00f3n p\u00fablica estatal en materia de Atribuciones de las Unidades de Apoyo Administrativo"},"content":{"rendered":"<p>\u00b7 Encabezan la capacitaci\u00f3n, Lysette Raquel Lameiro Camacho, presidenta del IAP y Marco Antonio Figueroa P\u00e9rez, jefe de la Unidad de Coordinaci\u00f3n Administrativa de Organismos P\u00fablicos<\/p>\n<p>\u00b7 Se capacita a 23 servidores del pueblo de diferentes organismos de la administraci\u00f3n p\u00fablica estatal<\/p>\n<p>&nbsp;<\/p>\n<p>Tuxtla Guti\u00e9rrez, Chiapas; 24 de febrero 2025.- La presidenta del Consejo Directivo del Instituto de Administraci\u00f3n P\u00fablica del Estado de Chiapas (IAP Chiapas), Lysette Raquel Lameiro Camacho, acompa\u00f1ada de Marco Antonio Figueroa P\u00e9rez, jefe de la Unidad de Coordinaci\u00f3n Administrativa de Organismos P\u00fablicos y directivos del IAP Chiapas, inaugur\u00f3 el curso-taller \u201cAtribuciones de las Unidades de Apoyo Administrativo\u201d, dirigido a 23 integrantes de los organismos de la administraci\u00f3n p\u00fablica estatal.<\/p>\n<p>&nbsp;<\/p>\n<p>En su mensaje de bienvenida, la presidenta del IAP Chiapas expres\u00f3 que la importancia de este curso es que hace referencia a las competencias o facultades que dichas unidades tienen para realizar sus funciones dentro de la administraci\u00f3n p\u00fablica, siendo fundamental el conocimiento de \u00e9stas, as\u00ed como de las responsabilidades que implican.<\/p>\n<p>&nbsp;<\/p>\n<p>El curso tiene como objetivo Identificar y aplicar las atribuciones dentro de sus funciones para promover una mayor claridad en los roles y fomentar una gesti\u00f3n m\u00e1s eficaz para reducir riesgos, incrementar la seguridad en el trabajo y cumplir con la normatividad aplicable en cada ejercicio y su responsabilidad de cada una de ellas.<\/p>\n<p>&nbsp;<\/p>\n<p>Por su parte, el jefe de la Unidad de Coordinaci\u00f3n Administrativa de Organismos P\u00fablicos, expres\u00f3 su reconocimiento y felicit\u00f3 a todos los jefes de unidad de las distintas dependencias gubernamentales por su participaci\u00f3n en el curso-taller, destacando la importancia de cumplir con la normativa vigente en el desempe\u00f1o de sus funciones y el compromiso de cada uno en la mejora continua de la gesti\u00f3n administrativa.<\/p>\n<p>&nbsp;<\/p>\n<p>Los temas que se abordar\u00e1n durante los cinco d\u00edas son: Conceptos y principios b\u00e1sicos, Principales funciones y responsabilidades y Gesti\u00f3n de Recursos Humanos, Gesti\u00f3n de Recursos Financieros, Gesti\u00f3n de Recursos Materiales y Servicios Generales, Responsabilidades Administrativas, impartidos por Juan Carlos Gordillo Caballero.<\/p>\n<p>&nbsp;<\/p>\n<p>En el curso participa personal de Oficina de Gubernatura, as\u00ed como de las secretar\u00edas General de Gobierno y Mediaci\u00f3n; de Finanzas; Anticorrupci\u00f3n y Buen Gobierno; de la Mujer e Igualdad de G\u00e9nero; de Infraestructura; de Medio Ambiente e Historia Natural; de Econom\u00eda y del Trabajo; del Humanismo; de Agricultura, Ganader\u00eda y Pesca; para el Desarrollo Sustentable de los Pueblos Ind\u00edgenas.<\/p>\n<p>&nbsp;<\/p>\n<p>Asimismo, de las secretar\u00edas de Seguridad del Pueblo; de Movilidad y Transporte; de la Frontera Sur; de Turismo; de Educaci\u00f3n; y de Protecci\u00f3n Civil, adem\u00e1s de los institutos para la gesti\u00f3n Integral de Riesgos de Desastres del Estado de Chiapas; de Consejer\u00eda Jur\u00eddica del Gobierno del Estado; de Comunicaci\u00f3n Social y Relaciones P\u00fablicas; y del Deporte.<\/p>\n","protected":false},"excerpt":{"rendered":"<p>\u00b7 Encabezan la capacitaci\u00f3n, Lysette Raquel Lameiro Camacho, presidenta del IAP y Marco Antonio Figueroa&#8230;<\/p>\n","protected":false},"author":2,"featured_media":31173,"comment_status":"closed","ping_status":"closed","sticky":false,"template":"","format":"standard","meta":{"_joinchat":[],"footnotes":""},"categories":[18,1,2,3],"tags":[],"class_list":["post-31172","post","type-post","status-publish","format-standard","has-post-thumbnail","hentry","category-almomento","category-boletin","category-estado","category-health"],"_links":{"self":[{"href":"https:\/\/icoinformativo.mx\/home\/index.php?rest_route=\/wp\/v2\/posts\/31172","targetHints":{"allow":["GET"]}}],"collection":[{"href":"https:\/\/icoinformativo.mx\/home\/index.php?rest_route=\/wp\/v2\/posts"}],"about":[{"href":"https:\/\/icoinformativo.mx\/home\/index.php?rest_route=\/wp\/v2\/types\/post"}],"author":[{"embeddable":true,"href":"https:\/\/icoinformativo.mx\/home\/index.php?rest_route=\/wp\/v2\/users\/2"}],"replies":[{"embeddable":true,"href":"https:\/\/icoinformativo.mx\/home\/index.php?rest_route=%2Fwp%2Fv2%2Fcomments&post=31172"}],"version-history":[{"count":1,"href":"https:\/\/icoinformativo.mx\/home\/index.php?rest_route=\/wp\/v2\/posts\/31172\/revisions"}],"predecessor-version":[{"id":31174,"href":"https:\/\/icoinformativo.mx\/home\/index.php?rest_route=\/wp\/v2\/posts\/31172\/revisions\/31174"}],"wp:featuredmedia":[{"embeddable":true,"href":"https:\/\/icoinformativo.mx\/home\/index.php?rest_route=\/wp\/v2\/media\/31173"}],"wp:attachment":[{"href":"https:\/\/icoinformativo.mx\/home\/index.php?rest_route=%2Fwp%2Fv2%2Fmedia&parent=31172"}],"wp:term":[{"taxonomy":"category","embeddable":true,"href":"https:\/\/icoinformativo.mx\/home\/index.php?rest_route=%2Fwp%2Fv2%2Fcategories&post=31172"},{"taxonomy":"post_tag","embeddable":true,"href":"https:\/\/icoinformativo.mx\/home\/index.php?rest_route=%2Fwp%2Fv2%2Ftags&post=31172"}],"curies":[{"name":"wp","href":"https:\/\/api.w.org\/{rel}","templated":true}]}}