{"id":31169,"date":"2025-02-25T02:43:33","date_gmt":"2025-02-25T02:43:33","guid":{"rendered":"https:\/\/icoinformativo.mx\/home\/?p=31169"},"modified":"2025-02-25T02:43:33","modified_gmt":"2025-02-25T02:43:33","slug":"cecytech-destaca-estrategias-para-mejorar-la-calidad-educativa-en-chiapas","status":"publish","type":"post","link":"https:\/\/icoinformativo.mx\/home\/?p=31169","title":{"rendered":"Cecytech destaca estrategias para mejorar la calidad educativa en Chiapas"},"content":{"rendered":"<p>&nbsp;<\/p>\n<p>\u2022 Se inform\u00f3 al gobernador sobre acciones dirigidas a la innovaci\u00f3n y equidad educativa con respaldo del Corredor Interoce\u00e1nico del Istmo de Tehuantepec<\/p>\n<p>&nbsp;<\/p>\n<p>Tapachula, Chiapas. &#8211; El director general del Colegio de Estudios Cient\u00edficos y Tecnol\u00f3gicos del Estado de Chiapas (Cecytech), Luis Guadalupe Morales \u00c1ngeles, destac\u00f3 el compromiso del gobernador Eduardo Ram\u00edrez Aguilar con la transformaci\u00f3n educativa en Chiapas, resaltando la importancia de fortalecer el subsistema del Cecytech como parte de un plan integral para mejorar la calidad educativa, priorizando la inclusi\u00f3n, la equidad y la innovaci\u00f3n pedag\u00f3gica en beneficio de los estudiantes de todas las comunidades del estado.<\/p>\n<p>&nbsp;<\/p>\n<p>Durante una gira de trabajo, Morales \u00c1ngeles comparti\u00f3 con el mandatario estatal los esfuerzos realizados por madres y padres de familia y directivos de los planteles 03 Villa Comaltitl\u00e1n, 06 Acapetahua y 47 Huehuet\u00e1n, en un encuentro que cont\u00f3 con la presencia de autoridades municipales y donde se abordaron estrategias enfocadas en garantizar el acceso a una educaci\u00f3n de calidad, inclusiva y equitativa que impacte positivamente en la formaci\u00f3n integral de las y los estudiantes y el bienestar de sus comunidades.<\/p>\n<p>&nbsp;<\/p>\n<p>Indic\u00f3 que el respaldo del Corredor Interoce\u00e1nico del Istmo de Tehuantepec y de la Zona Naval No. 22 ser\u00e1 fundamental para promover mejoras en la infraestructura educativa, la capacitaci\u00f3n docente y el desarrollo tecnol\u00f3gico en los planteles mencionados, lo cual contribuir\u00e1 a fortalecer la educaci\u00f3n t\u00e9cnica y cient\u00edfica y a consolidar un entorno que favorezca el desarrollo profesional y personal del alumnado.<\/p>\n<p>&nbsp;<\/p>\n<p>Con lo anterior, se realizar\u00e1 un convenio de colaboraci\u00f3n que permitir\u00e1 a estudiantes del Cecytech realizar servicio social, pr\u00e1cticas profesionales y participar en programas de educaci\u00f3n dual en el Corredor Interoce\u00e1nico, brind\u00e1ndoles una experiencia real en el sector productivo y contribuyendo directamente a su preparaci\u00f3n y crecimiento profesional, fortaleciendo as\u00ed la vinculaci\u00f3n entre la educaci\u00f3n y el sector productivo del estado.<\/p>\n<p>&nbsp;<\/p>\n<p>Finalmente, el Cecytech reafirm\u00f3 su compromiso con la transformaci\u00f3n educativa en Chiapas, resaltando que continuar\u00e1 trabajando en conjunto con las autoridades estatales y municipales para consolidar una educaci\u00f3n que promueva la inclusi\u00f3n, la equidad, la innovaci\u00f3n y el bienestar de la juventud chiapaneca, contribuyendo a generar un impacto positivo en el entorno social en el que se desarrollan.<\/p>\n","protected":false},"excerpt":{"rendered":"<p>&nbsp; \u2022 Se inform\u00f3 al gobernador sobre acciones dirigidas a la innovaci\u00f3n y equidad educativa&#8230;<\/p>\n","protected":false},"author":2,"featured_media":31170,"comment_status":"closed","ping_status":"closed","sticky":false,"template":"","format":"standard","meta":{"_joinchat":[],"footnotes":""},"categories":[1],"tags":[],"class_list":["post-31169","post","type-post","status-publish","format-standard","has-post-thumbnail","hentry","category-boletin"],"_links":{"self":[{"href":"https:\/\/icoinformativo.mx\/home\/index.php?rest_route=\/wp\/v2\/posts\/31169","targetHints":{"allow":["GET"]}}],"collection":[{"href":"https:\/\/icoinformativo.mx\/home\/index.php?rest_route=\/wp\/v2\/posts"}],"about":[{"href":"https:\/\/icoinformativo.mx\/home\/index.php?rest_route=\/wp\/v2\/types\/post"}],"author":[{"embeddable":true,"href":"https:\/\/icoinformativo.mx\/home\/index.php?rest_route=\/wp\/v2\/users\/2"}],"replies":[{"embeddable":true,"href":"https:\/\/icoinformativo.mx\/home\/index.php?rest_route=%2Fwp%2Fv2%2Fcomments&post=31169"}],"version-history":[{"count":1,"href":"https:\/\/icoinformativo.mx\/home\/index.php?rest_route=\/wp\/v2\/posts\/31169\/revisions"}],"predecessor-version":[{"id":31171,"href":"https:\/\/icoinformativo.mx\/home\/index.php?rest_route=\/wp\/v2\/posts\/31169\/revisions\/31171"}],"wp:featuredmedia":[{"embeddable":true,"href":"https:\/\/icoinformativo.mx\/home\/index.php?rest_route=\/wp\/v2\/media\/31170"}],"wp:attachment":[{"href":"https:\/\/icoinformativo.mx\/home\/index.php?rest_route=%2Fwp%2Fv2%2Fmedia&parent=31169"}],"wp:term":[{"taxonomy":"category","embeddable":true,"href":"https:\/\/icoinformativo.mx\/home\/index.php?rest_route=%2Fwp%2Fv2%2Fcategories&post=31169"},{"taxonomy":"post_tag","embeddable":true,"href":"https:\/\/icoinformativo.mx\/home\/index.php?rest_route=%2Fwp%2Fv2%2Ftags&post=31169"}],"curies":[{"name":"wp","href":"https:\/\/api.w.org\/{rel}","templated":true}]}}