{"id":31161,"date":"2025-02-25T02:37:06","date_gmt":"2025-02-25T02:37:06","guid":{"rendered":"https:\/\/icoinformativo.mx\/home\/?p=31161"},"modified":"2025-02-25T02:37:06","modified_gmt":"2025-02-25T02:37:06","slug":"realizan-conmemoracion-del-dia-de-la-bandera-en-pantelho","status":"publish","type":"post","link":"https:\/\/icoinformativo.mx\/home\/?p=31161","title":{"rendered":"Realizan conmemoraci\u00f3n del D\u00eda de la Bandera en Pantelh\u00f3"},"content":{"rendered":"<p>&nbsp;<\/p>\n<p>\u2022 El evento se llev\u00f3 a cabo en la plaza central de este municipio y fue encabezado por el secretario de Educaci\u00f3n, junto con diversas autoridades estatales y representantes del Ej\u00e9rcito y la Guardia Nacional<\/p>\n<p>\u2022 Se realiz\u00f3 en el marco de la estrategia para la construcci\u00f3n de una paz duradera y de desarrollo que impulsa el gobierno de Eduardo Ram\u00edrez en la regi\u00f3n.<\/p>\n<p>&nbsp;<\/p>\n<p>Pantelh\u00f3, Chiapas.\u2013 En el camino hacia la construcci\u00f3n de la paz y el desarrollo impulsado por el gobernador del estado, Eduardo Ram\u00edrez Aguilar, la ma\u00f1ana de este lunes 24 de febrero se llev\u00f3 a cabo la conmemoraci\u00f3n del D\u00eda de la Bandera en la plaza central de este municipio.<\/p>\n<p>&nbsp;<\/p>\n<p>En este acto c\u00edvico, estuvieron presentes el secretario de Educaci\u00f3n, Roger Mandujano Ayala; el director del Colegio de Bachilleres de Chiapas (Cobach), Miguel Prado de los Santos; el delegado de Gobierno, Nicol\u00e1s Gonz\u00e1lez Ruiz; autoridades educativas de la zona, representantes del Ej\u00e9rcito Mexicano, Guardia Nacional y Secretar\u00eda de Seguridad del Pueblo, as\u00ed como autoridades municipales. Tambi\u00e9n se cont\u00f3 con la presencia de estudiantes y docentes del plantel 59 del Cobach, as\u00ed como de otras escuelas de educaci\u00f3n b\u00e1sica.<\/p>\n<p>&nbsp;<\/p>\n<p>Durante su intervenci\u00f3n, el secretario de Educaci\u00f3n destac\u00f3 que \u201ces momento de recobrar la conciencia hist\u00f3rica que convoca a todos a la paz desde la ilustre composici\u00f3n literaria del Himno a Chiapas. El gobernador Eduardo Ram\u00edrez ha realizado una gran convocatoria al olvido de la odiosa venganza, a que termine por siempre el rencor, al retorno de las horas serenas y a levantar la oliva de la paz inmortal\u201d.<\/p>\n<p>&nbsp;<\/p>\n<p>Mandujano Ayala reconoci\u00f3 tambi\u00e9n el compromiso de las maestras y maestros para seguir construyendo el camino de vuelta a las aulas de la mano de las madres y los padres de familia para velar por el bien superior de la ni\u00f1ez y la juventud, en un marco de di\u00e1logo y concertaci\u00f3n paulatina. A\u00f1adi\u00f3 que este proceso no ser\u00eda posible sin la imbatible determinaci\u00f3n del jefe del Ejecutivo estatal para construir la paz en Pantelh\u00f3 y en toda la entidad.<\/p>\n<p>&nbsp;<\/p>\n<p>Es de destacar que un d\u00eda antes en Oxchuc, otro municipio anteriormente marcado por el conflicto, se llev\u00f3 a cabo una jornada electoral, gracias a la pol\u00edtica de mediaci\u00f3n pac\u00edfica que hoy es una caracter\u00edstica de este gobierno.<\/p>\n<p>&nbsp;<\/p>\n<p>Finalmente, el director del Cobach, Miguel Prado de los Santos, agradeci\u00f3 la confianza que maestras y maestros han externado a las autoridades del gobierno para regresar de forma gradual a las clases presenciales, ya que, dijo, est\u00e1n demostrando ser una aut\u00e9ntica vanguardia educativa para el municipio de Pantelh\u00f3.<\/p>\n","protected":false},"excerpt":{"rendered":"<p>&nbsp; \u2022 El evento se llev\u00f3 a cabo en la plaza central de este municipio&#8230;<\/p>\n","protected":false},"author":2,"featured_media":31162,"comment_status":"closed","ping_status":"closed","sticky":false,"template":"","format":"standard","meta":{"_joinchat":[],"footnotes":""},"categories":[18,1,2,3],"tags":[],"class_list":["post-31161","post","type-post","status-publish","format-standard","has-post-thumbnail","hentry","category-almomento","category-boletin","category-estado","category-health"],"_links":{"self":[{"href":"https:\/\/icoinformativo.mx\/home\/index.php?rest_route=\/wp\/v2\/posts\/31161","targetHints":{"allow":["GET"]}}],"collection":[{"href":"https:\/\/icoinformativo.mx\/home\/index.php?rest_route=\/wp\/v2\/posts"}],"about":[{"href":"https:\/\/icoinformativo.mx\/home\/index.php?rest_route=\/wp\/v2\/types\/post"}],"author":[{"embeddable":true,"href":"https:\/\/icoinformativo.mx\/home\/index.php?rest_route=\/wp\/v2\/users\/2"}],"replies":[{"embeddable":true,"href":"https:\/\/icoinformativo.mx\/home\/index.php?rest_route=%2Fwp%2Fv2%2Fcomments&post=31161"}],"version-history":[{"count":1,"href":"https:\/\/icoinformativo.mx\/home\/index.php?rest_route=\/wp\/v2\/posts\/31161\/revisions"}],"predecessor-version":[{"id":31163,"href":"https:\/\/icoinformativo.mx\/home\/index.php?rest_route=\/wp\/v2\/posts\/31161\/revisions\/31163"}],"wp:featuredmedia":[{"embeddable":true,"href":"https:\/\/icoinformativo.mx\/home\/index.php?rest_route=\/wp\/v2\/media\/31162"}],"wp:attachment":[{"href":"https:\/\/icoinformativo.mx\/home\/index.php?rest_route=%2Fwp%2Fv2%2Fmedia&parent=31161"}],"wp:term":[{"taxonomy":"category","embeddable":true,"href":"https:\/\/icoinformativo.mx\/home\/index.php?rest_route=%2Fwp%2Fv2%2Fcategories&post=31161"},{"taxonomy":"post_tag","embeddable":true,"href":"https:\/\/icoinformativo.mx\/home\/index.php?rest_route=%2Fwp%2Fv2%2Ftags&post=31161"}],"curies":[{"name":"wp","href":"https:\/\/api.w.org\/{rel}","templated":true}]}}