{"id":31158,"date":"2025-02-25T02:17:51","date_gmt":"2025-02-25T02:17:51","guid":{"rendered":"https:\/\/icoinformativo.mx\/home\/?p=31158"},"modified":"2025-02-25T02:17:51","modified_gmt":"2025-02-25T02:17:51","slug":"arranque-de-los-convoyes-de-salud-en-pichucalco","status":"publish","type":"post","link":"https:\/\/icoinformativo.mx\/home\/?p=31158","title":{"rendered":"Arranque de los Convoyes de Salud en Pichucalco"},"content":{"rendered":"<p>&nbsp;<\/p>\n<p>El Gobierno Municipal de Pichucalco, que preside el Mtro. Andr\u00e9s Carballo C\u00f3rdova, en coordinaci\u00f3n con la Jurisdicci\u00f3n Sanitaria N. 5 de Pichucalco y el DIF municipal, llev\u00f3 a cabo hoy el arranque de los convoyes de salud, los cuales estar\u00e1n en nuestra cabecera municipal hasta el d\u00eda 28 de febrero.<\/p>\n<p>&nbsp;<\/p>\n<p>Durante el evento, el secretario municipal V\u00edctor Hugo Ruiz Casanova transmiti\u00f3 el mensaje del presidente Andr\u00e9s Carballo C\u00f3rdova, destacando la importancia de estas acciones para contribuir a la prevenci\u00f3n y cuidado de la salud de cada uno de los pichucalque\u00f1os. Se\u00f1al\u00f3 que es fundamental que cada ciudadano tome en cuenta esta iniciativa y pueda asistir para recibir atenci\u00f3n m\u00e9dica gratuita. Los servicios ofrecidos incluyen medicina general, mastograf\u00eda y odontolog\u00eda, entre otros. Adem\u00e1s, agradeci\u00f3 al gobernador Eduardo Ram\u00edrez Aguilar por atender las necesidades de los pichucalque\u00f1os y chiapanecos.<\/p>\n<p>&nbsp;<\/p>\n<p>En el evento estuvieron presentes tambi\u00e9n las regidoras Genoveva Cruz Morales y Josefa Cernuda Hern\u00e1ndez, adem\u00e1s del jefe jurisdiccional, Dr. Guillermo Ituriel Gordillo Penagos; en representaci\u00f3n del Subsecretario de Gobierno en la zona norte el Lic. Francisco \u00c1lvarez Sanen, el Lic. Ra\u00fal Cruz Manuel; la representante de la presidenta del DIF, lic. Ana Karen Castillo Bibiloni; la lic. Alicia Guadalupe Rabelo Contreras y la directora del DIF regional, Yesenia Cruz \u00c1lvarez.<\/p>\n<p>&nbsp;<\/p>\n<p>#SaludPichucalco #ConvoyesDeSalud #Prevenci\u00f3n #Pichucalco #AccionesQueContribuyenAlCambio<\/p>\n","protected":false},"excerpt":{"rendered":"<p>&nbsp; El Gobierno Municipal de Pichucalco, que preside el Mtro. Andr\u00e9s Carballo C\u00f3rdova, en coordinaci\u00f3n&#8230;<\/p>\n","protected":false},"author":2,"featured_media":31159,"comment_status":"closed","ping_status":"closed","sticky":false,"template":"","format":"standard","meta":{"_joinchat":[],"footnotes":""},"categories":[18,1,2,3],"tags":[],"class_list":["post-31158","post","type-post","status-publish","format-standard","has-post-thumbnail","hentry","category-almomento","category-boletin","category-estado","category-health"],"_links":{"self":[{"href":"https:\/\/icoinformativo.mx\/home\/index.php?rest_route=\/wp\/v2\/posts\/31158","targetHints":{"allow":["GET"]}}],"collection":[{"href":"https:\/\/icoinformativo.mx\/home\/index.php?rest_route=\/wp\/v2\/posts"}],"about":[{"href":"https:\/\/icoinformativo.mx\/home\/index.php?rest_route=\/wp\/v2\/types\/post"}],"author":[{"embeddable":true,"href":"https:\/\/icoinformativo.mx\/home\/index.php?rest_route=\/wp\/v2\/users\/2"}],"replies":[{"embeddable":true,"href":"https:\/\/icoinformativo.mx\/home\/index.php?rest_route=%2Fwp%2Fv2%2Fcomments&post=31158"}],"version-history":[{"count":1,"href":"https:\/\/icoinformativo.mx\/home\/index.php?rest_route=\/wp\/v2\/posts\/31158\/revisions"}],"predecessor-version":[{"id":31160,"href":"https:\/\/icoinformativo.mx\/home\/index.php?rest_route=\/wp\/v2\/posts\/31158\/revisions\/31160"}],"wp:featuredmedia":[{"embeddable":true,"href":"https:\/\/icoinformativo.mx\/home\/index.php?rest_route=\/wp\/v2\/media\/31159"}],"wp:attachment":[{"href":"https:\/\/icoinformativo.mx\/home\/index.php?rest_route=%2Fwp%2Fv2%2Fmedia&parent=31158"}],"wp:term":[{"taxonomy":"category","embeddable":true,"href":"https:\/\/icoinformativo.mx\/home\/index.php?rest_route=%2Fwp%2Fv2%2Fcategories&post=31158"},{"taxonomy":"post_tag","embeddable":true,"href":"https:\/\/icoinformativo.mx\/home\/index.php?rest_route=%2Fwp%2Fv2%2Ftags&post=31158"}],"curies":[{"name":"wp","href":"https:\/\/api.w.org\/{rel}","templated":true}]}}