{"id":31155,"date":"2025-02-25T02:13:54","date_gmt":"2025-02-25T02:13:54","guid":{"rendered":"https:\/\/icoinformativo.mx\/home\/?p=31155"},"modified":"2025-02-25T02:13:54","modified_gmt":"2025-02-25T02:13:54","slug":"gobierno-municipal-fortalece-la-capacitacion-en-proteccion-civil-para-mejorar-la-respuesta-ante-emergencias","status":"publish","type":"post","link":"https:\/\/icoinformativo.mx\/home\/?p=31155","title":{"rendered":"GOBIERNO MUNICIPAL FORTALECE LA CAPACITACI\u00d3N EN PROTECCI\u00d3N CIVIL PARA MEJORAR LA RESPUESTA ANTE EMERGENCIAS"},"content":{"rendered":"<p>&nbsp;<\/p>\n<p>Con el objetivo de fortalecer la preparaci\u00f3n del personal de protecci\u00f3n civil y mejorar la capacidad de respuesta ante emergencias, el Gobierno Municipal que encabeza Oscar Serra Cantoral, a trav\u00e9s de la Secretar\u00eda Municipal de Protecci\u00f3n Civil, envi\u00f3 a su personal a capacitaciones especializadas sobre Sistemas de Alerta Temprana y su implementaci\u00f3n en Gesti\u00f3n de Riesgos, Refugios Temporales, Protocolos de Comunicaci\u00f3n, Registro de Incendios Forestales de Pastizal y Urbanos, adem\u00e1s de Lineamientos para la Atenci\u00f3n de Emergencias.<\/p>\n<p>&nbsp;<\/p>\n<p>Estas capacitaciones buscan que los actores en la materia cuenten con la formaci\u00f3n necesaria para aplicar estrategias preventivas y reactivas ante cualquier eventualidad, asegurando as\u00ed la protecci\u00f3n de la ciudadan\u00eda y la mitigaci\u00f3n de riesgos en el municipio.<\/p>\n<p>&nbsp;<\/p>\n<p>Al respecto, el secretario municipal de protecci\u00f3n civil, Luis Benjam\u00edn Pichardo Soberano destac\u00f3 la importancia de estas acciones para la seguridad de la poblaci\u00f3n. \u00abNuestra prioridad es contar con personal altamente capacitado y preparado para actuar de manera eficiente en cualquier situaci\u00f3n de emergencia. Estas capacitaciones nos permiten fortalecer nuestros conocimientos y mejorar nuestra coordinaci\u00f3n con otras instancias para brindar una respuesta oportuna y efectiva\u00bb, afirm\u00f3.<\/p>\n<p>&nbsp;<\/p>\n<p>El Gobierno Municipal reafirma su compromiso con la seguridad de la ciudadan\u00eda, impulsando estrategias de prevenci\u00f3n y reforzando la profesionalizaci\u00f3n de su personal para hacer frente a cualquier contingencia con eficacia y responsabilidad.<\/p>\n<p>&nbsp;<\/p>\n<p>#SomosPreventivos<\/p>\n<p>#SigamosHaciendoloJuntos<\/p>\n<p>#HumanismoQueTransforma<\/p>\n","protected":false},"excerpt":{"rendered":"<p>&nbsp; Con el objetivo de fortalecer la preparaci\u00f3n del personal de protecci\u00f3n civil y mejorar&#8230;<\/p>\n","protected":false},"author":2,"featured_media":31156,"comment_status":"closed","ping_status":"closed","sticky":false,"template":"","format":"standard","meta":{"_joinchat":[],"footnotes":""},"categories":[18,1,2,3],"tags":[],"class_list":["post-31155","post","type-post","status-publish","format-standard","has-post-thumbnail","hentry","category-almomento","category-boletin","category-estado","category-health"],"_links":{"self":[{"href":"https:\/\/icoinformativo.mx\/home\/index.php?rest_route=\/wp\/v2\/posts\/31155","targetHints":{"allow":["GET"]}}],"collection":[{"href":"https:\/\/icoinformativo.mx\/home\/index.php?rest_route=\/wp\/v2\/posts"}],"about":[{"href":"https:\/\/icoinformativo.mx\/home\/index.php?rest_route=\/wp\/v2\/types\/post"}],"author":[{"embeddable":true,"href":"https:\/\/icoinformativo.mx\/home\/index.php?rest_route=\/wp\/v2\/users\/2"}],"replies":[{"embeddable":true,"href":"https:\/\/icoinformativo.mx\/home\/index.php?rest_route=%2Fwp%2Fv2%2Fcomments&post=31155"}],"version-history":[{"count":1,"href":"https:\/\/icoinformativo.mx\/home\/index.php?rest_route=\/wp\/v2\/posts\/31155\/revisions"}],"predecessor-version":[{"id":31157,"href":"https:\/\/icoinformativo.mx\/home\/index.php?rest_route=\/wp\/v2\/posts\/31155\/revisions\/31157"}],"wp:featuredmedia":[{"embeddable":true,"href":"https:\/\/icoinformativo.mx\/home\/index.php?rest_route=\/wp\/v2\/media\/31156"}],"wp:attachment":[{"href":"https:\/\/icoinformativo.mx\/home\/index.php?rest_route=%2Fwp%2Fv2%2Fmedia&parent=31155"}],"wp:term":[{"taxonomy":"category","embeddable":true,"href":"https:\/\/icoinformativo.mx\/home\/index.php?rest_route=%2Fwp%2Fv2%2Fcategories&post=31155"},{"taxonomy":"post_tag","embeddable":true,"href":"https:\/\/icoinformativo.mx\/home\/index.php?rest_route=%2Fwp%2Fv2%2Ftags&post=31155"}],"curies":[{"name":"wp","href":"https:\/\/api.w.org\/{rel}","templated":true}]}}