{"id":31143,"date":"2025-02-24T22:43:44","date_gmt":"2025-02-24T22:43:44","guid":{"rendered":"https:\/\/icoinformativo.mx\/home\/?p=31143"},"modified":"2025-02-24T22:43:44","modified_gmt":"2025-02-24T22:43:44","slug":"la-bandera-nacional-nos-da-identidad-fuerza-y-espiritu-libertario-eduardo-ramirez","status":"publish","type":"post","link":"https:\/\/icoinformativo.mx\/home\/?p=31143","title":{"rendered":"La Bandera Nacional nos da identidad, fuerza y esp\u00edritu libertario: Eduardo Ram\u00edrez"},"content":{"rendered":"<p>&nbsp;<\/p>\n<p>&#8211; El gobernador encabez\u00f3 el abanderamiento a escoltas escolares, el marco del D\u00eda de la Bandera<\/p>\n<p>&#8211; Estuvo acompa\u00f1ado por el comandante de la VII Regi\u00f3n Militar, el comandante de la Regi\u00f3n A\u00e9rea del Sureste, el comandante de la 31 Zona Militar, y el coordinador estatal de la Guardia Nacional en Chiapas<\/p>\n<p>&nbsp;<\/p>\n<p>En el marco del D\u00eda de la Bandera, el gobernador Eduardo Ram\u00edrez Aguilar encabez\u00f3 el abanderamiento a escoltas de planteles escolares, en las instalaciones del 3er Regimiento de Artiller\u00eda \u201cEl Sabino\u201d. Durante el evento, destac\u00f3 que, al igual que hace m\u00e1s de 200 a\u00f1os, las y los mexicanos siguen honrando el l\u00e1baro patrio, pues en \u00e9l est\u00e1n plasmados los sue\u00f1os y las ilusiones de millones de ciudadanas y ciudadanos.<\/p>\n<p>&nbsp;<\/p>\n<p>\u201cHoy celebramos un aniversario m\u00e1s de nuestro s\u00edmbolo nacional, que nos da identidad, fuerza y esp\u00edritu libertario. Sus colores representan la trascendencia de nuestra historia, desde el mundo prehisp\u00e1nico hasta la actualidad, momentos en los que llevamos en el coraz\u00f3n a quienes nos han dado patria, libertad e independencia\u201d, expres\u00f3 el mandatario ante la presencia del comandante de la VII Regi\u00f3n Militar, Alejandro Vargas Gonz\u00e1lez; el comandante de la Regi\u00f3n A\u00e9rea del Sureste, Edgar Salvador Rodr\u00edguez Franco; el comandante de la 31 Zona Militar, Rom\u00e1n Villalvazo Barrios, y el coordinador estatal de la Guardia Nacional en Chiapas, Antonio Hern\u00e1ndez Tejeda.<\/p>\n<p>&nbsp;<\/p>\n<p>En ese contexto, Ram\u00edrez Aguilar reconoci\u00f3 a la primera mujer presidenta de M\u00e9xico, Claudia Sheinbaum Pardo, resaltando que ella encarna los valores de patriotismo, lealtad y liderazgo para representar a la naci\u00f3n ante el mundo entero. Asimismo, se\u00f1al\u00f3 que esta ceremonia es tambi\u00e9n un homenaje al trabajo honesto y comprometido de las y los chiapanecos a favor de la construcci\u00f3n de la paz y el fortalecimiento de la Rep\u00fablica.<\/p>\n<p>&nbsp;<\/p>\n<p>Tras realizar el abanderamiento de escoltas pertenecientes a dos Centros de Atenci\u00f3n M\u00faltiple, dos escuelas de nivel preescolar, 59 primarias, 13 secundarias, dos telesecundarias y una escuela de multigrado, el gobernador expres\u00f3 el orgullo de Chiapas por sus ni\u00f1as y ni\u00f1os, a quienes llam\u00f3 a seguir honrando la Bandera Nacional con respeto y compromiso, pues ellos y ellas representan el presente y el futuro de la patria.<\/p>\n<p>&nbsp;<\/p>\n<p>La ceremonia incluy\u00f3 un enlace con la transmisi\u00f3n nacional encabezada por la presidenta de M\u00e9xico y comandanta suprema de las Fuerzas Armadas, Claudia Sheinbaum Pardo, quien resalt\u00f3 que al concederles el honor de portar la Bandera Nacional, la patria deposita en ellos y ellas la confianza de que sabr\u00e1n cumplir su protesta con lealtad y responsabilidad.<\/p>\n<p>&nbsp;<\/p>\n<p>En nombre de las y los alumnos, Emily Monserrat \u00c1lvarez del Carpio, de la Escuela Primaria \u201cFrancisco Gonz\u00e1lez Bocanegra\u201d, de Tuxtla Guti\u00e9rrez, manifest\u00f3 su satisfacci\u00f3n de formar parte de esta ceremonia y honrar al l\u00e1baro patrio, refrendando el compromiso de respetarlo y hacer de \u00e9l \u201cuna representaci\u00f3n de orgullo y unidad para las y los mexicanos\u201d.<\/p>\n<p>&nbsp;<\/p>\n<p>Posteriormente, se llev\u00f3 a cabo el izamiento al l\u00e1baro patrio al ritmo del solemne Canto a la Bandera, dirigido por la Banda de M\u00fasica de la VII Regi\u00f3n Militar, la Banda de M\u00fasica del Consejo Estatal para las Culturas y las Artes de Chiapas y el Coro Musical del Centro de Educaci\u00f3n B\u00e1sica del Estado de Chiapas.<\/p>\n<p>&nbsp;<\/p>\n<p>Estuvieron presentes: el diputado presidente de la Mesa Directiva del Congreso del Estado, Luis Ignacio Avenda\u00f1o Berm\u00fadez; el magistrado presidente del Tribunal Superior de Justicia, Juan Carlos Moreno Guill\u00e9n; el representante de la 22 Zona Naval, Pl\u00e1cido Paredes Mart\u00ednez; la secretaria general de Gobierno y Mediaci\u00f3n, Patricia del Carmen Conde Ruiz; el jefe de la Oficina del Gobernador, Fernando Berm\u00fadez Velasco; el secretario de Seguridad del Pueblo, \u00d3scar Alberto Aparicio Avenda\u00f1o; el fiscal general del Estado de Chiapas, Jorge Luis Llaven Abarca; el presidente municipal de Berrioz\u00e1bal, Jorge Arturo Acero G\u00f3mez, docentes, madres y padres de familia, entre otros.<\/p>\n","protected":false},"excerpt":{"rendered":"<p>&nbsp; &#8211; El gobernador encabez\u00f3 el abanderamiento a escoltas escolares, el marco del D\u00eda de&#8230;<\/p>\n","protected":false},"author":2,"featured_media":31144,"comment_status":"closed","ping_status":"closed","sticky":false,"template":"","format":"standard","meta":{"_joinchat":[],"footnotes":""},"categories":[18,1,2,3],"tags":[],"class_list":["post-31143","post","type-post","status-publish","format-standard","has-post-thumbnail","hentry","category-almomento","category-boletin","category-estado","category-health"],"_links":{"self":[{"href":"https:\/\/icoinformativo.mx\/home\/index.php?rest_route=\/wp\/v2\/posts\/31143","targetHints":{"allow":["GET"]}}],"collection":[{"href":"https:\/\/icoinformativo.mx\/home\/index.php?rest_route=\/wp\/v2\/posts"}],"about":[{"href":"https:\/\/icoinformativo.mx\/home\/index.php?rest_route=\/wp\/v2\/types\/post"}],"author":[{"embeddable":true,"href":"https:\/\/icoinformativo.mx\/home\/index.php?rest_route=\/wp\/v2\/users\/2"}],"replies":[{"embeddable":true,"href":"https:\/\/icoinformativo.mx\/home\/index.php?rest_route=%2Fwp%2Fv2%2Fcomments&post=31143"}],"version-history":[{"count":1,"href":"https:\/\/icoinformativo.mx\/home\/index.php?rest_route=\/wp\/v2\/posts\/31143\/revisions"}],"predecessor-version":[{"id":31145,"href":"https:\/\/icoinformativo.mx\/home\/index.php?rest_route=\/wp\/v2\/posts\/31143\/revisions\/31145"}],"wp:featuredmedia":[{"embeddable":true,"href":"https:\/\/icoinformativo.mx\/home\/index.php?rest_route=\/wp\/v2\/media\/31144"}],"wp:attachment":[{"href":"https:\/\/icoinformativo.mx\/home\/index.php?rest_route=%2Fwp%2Fv2%2Fmedia&parent=31143"}],"wp:term":[{"taxonomy":"category","embeddable":true,"href":"https:\/\/icoinformativo.mx\/home\/index.php?rest_route=%2Fwp%2Fv2%2Fcategories&post=31143"},{"taxonomy":"post_tag","embeddable":true,"href":"https:\/\/icoinformativo.mx\/home\/index.php?rest_route=%2Fwp%2Fv2%2Ftags&post=31143"}],"curies":[{"name":"wp","href":"https:\/\/api.w.org\/{rel}","templated":true}]}}