{"id":31140,"date":"2025-02-24T02:51:49","date_gmt":"2025-02-24T02:51:49","guid":{"rendered":"https:\/\/icoinformativo.mx\/home\/?p=31140"},"modified":"2025-02-24T02:51:49","modified_gmt":"2025-02-24T02:51:49","slug":"convocatoria-para-reina-de-la-feria-solosuchiapa-2025","status":"publish","type":"post","link":"https:\/\/icoinformativo.mx\/home\/?p=31140","title":{"rendered":"Convocatoria para Reina de la Feria Solosuchiapa 2025\u00a0"},"content":{"rendered":"<p>&nbsp;<\/p>\n<p>El DIF Municipal de Solosuchiapa, en coordinaci\u00f3n con el H. Ayuntamiento que preside Fernando Aparicio G\u00f3mez, invita a todas las j\u00f3venes de entre 16 y 18 a\u00f1os a participar en la convocatoria para elegir a la Reina de la Feria Solosuchiapa 2025.<\/p>\n<p>&nbsp;<\/p>\n<p>Si deseas representar con orgullo la belleza, cultura y tradici\u00f3n de nuestro municipio, esta es tu oportunidad.<\/p>\n<p>&nbsp;<\/p>\n<p>Requisitos:<\/p>\n<p>\u2705 Tener entre 16 y 18 a\u00f1os.<\/p>\n<p>\u2705 Ser originaria o residente de Solosuchiapa.<\/p>\n<p>\u2705 Contar con disponibilidad para participar en las actividades previas y durante la feria.<\/p>\n<p>\u2705 Tener carisma, entusiasmo y amor por nuestra cultura.<\/p>\n<p>&nbsp;<\/p>\n<p>Inscripciones abiertas hasta: 28 de Febrero de 2025.<\/p>\n<p>\ud83d\udccd Lugar de inscripci\u00f3n: Oficina del DIF Municipal<\/p>\n<p>\ud83d\udcde Informes al: 932 329 5080<\/p>\n<p>&nbsp;<\/p>\n<p>\u00a1An\u00edmate a participar y s\u00e9 parte de esta gran tradici\u00f3n!<\/p>\n<p>&nbsp;<\/p>\n<p>#queorgullosershuleco<\/p>\n","protected":false},"excerpt":{"rendered":"<p>&nbsp; El DIF Municipal de Solosuchiapa, en coordinaci\u00f3n con el H. Ayuntamiento que preside Fernando&#8230;<\/p>\n","protected":false},"author":2,"featured_media":31141,"comment_status":"closed","ping_status":"closed","sticky":false,"template":"","format":"standard","meta":{"_joinchat":[],"footnotes":""},"categories":[18,1,2,3],"tags":[],"class_list":["post-31140","post","type-post","status-publish","format-standard","has-post-thumbnail","hentry","category-almomento","category-boletin","category-estado","category-health"],"_links":{"self":[{"href":"https:\/\/icoinformativo.mx\/home\/index.php?rest_route=\/wp\/v2\/posts\/31140","targetHints":{"allow":["GET"]}}],"collection":[{"href":"https:\/\/icoinformativo.mx\/home\/index.php?rest_route=\/wp\/v2\/posts"}],"about":[{"href":"https:\/\/icoinformativo.mx\/home\/index.php?rest_route=\/wp\/v2\/types\/post"}],"author":[{"embeddable":true,"href":"https:\/\/icoinformativo.mx\/home\/index.php?rest_route=\/wp\/v2\/users\/2"}],"replies":[{"embeddable":true,"href":"https:\/\/icoinformativo.mx\/home\/index.php?rest_route=%2Fwp%2Fv2%2Fcomments&post=31140"}],"version-history":[{"count":1,"href":"https:\/\/icoinformativo.mx\/home\/index.php?rest_route=\/wp\/v2\/posts\/31140\/revisions"}],"predecessor-version":[{"id":31142,"href":"https:\/\/icoinformativo.mx\/home\/index.php?rest_route=\/wp\/v2\/posts\/31140\/revisions\/31142"}],"wp:featuredmedia":[{"embeddable":true,"href":"https:\/\/icoinformativo.mx\/home\/index.php?rest_route=\/wp\/v2\/media\/31141"}],"wp:attachment":[{"href":"https:\/\/icoinformativo.mx\/home\/index.php?rest_route=%2Fwp%2Fv2%2Fmedia&parent=31140"}],"wp:term":[{"taxonomy":"category","embeddable":true,"href":"https:\/\/icoinformativo.mx\/home\/index.php?rest_route=%2Fwp%2Fv2%2Fcategories&post=31140"},{"taxonomy":"post_tag","embeddable":true,"href":"https:\/\/icoinformativo.mx\/home\/index.php?rest_route=%2Fwp%2Fv2%2Ftags&post=31140"}],"curies":[{"name":"wp","href":"https:\/\/api.w.org\/{rel}","templated":true}]}}