{"id":31137,"date":"2025-02-24T02:50:00","date_gmt":"2025-02-24T02:50:00","guid":{"rendered":"https:\/\/icoinformativo.mx\/home\/?p=31137"},"modified":"2025-02-24T02:50:00","modified_gmt":"2025-02-24T02:50:00","slug":"gobierno-municipal-participa-en-la-demostracion-de-escoltas-edicion-2025","status":"publish","type":"post","link":"https:\/\/icoinformativo.mx\/home\/?p=31137","title":{"rendered":"GOBIERNO MUNICIPAL PARTICIPA EN LA DEMOSTRACI\u00d3N DE ESCOLTAS EDICI\u00d3N 2025"},"content":{"rendered":"<p>&nbsp;<\/p>\n<p>Con el objetivo de fomentar los valores c\u00edvicos y fortalecer el sentido de identidad y respeto hacia los s\u00edmbolos patrios, el Gobierno Municipal que encabeza Oscar Serra Cantoral particip\u00f3 en la Demostraci\u00f3n de Escoltas Edici\u00f3n 2025, evento en el que se dieron cita diversas instituciones educativas y representantes gubernamentales.<\/p>\n<p>&nbsp;<\/p>\n<p>En representaci\u00f3n del presidente municipal, el regidor Jes\u00fas Silva Arzat estuvo presente junto con el regidor Carlos Augusto Morales Ch\u00e1vez, destacando la importancia de estas actividades para inculcar disciplina, responsabilidad y respeto entre la juventud.<\/p>\n<p>&nbsp;<\/p>\n<p>\u201cEs fundamental que nuestros ni\u00f1os y j\u00f3venes conozcan y respeten nuestros s\u00edmbolos patrios, pues esto fortalece su identidad y sentido de pertenencia. Desde el gobierno municipal, seguiremos impulsando estas iniciativas que contribuyen a la formaci\u00f3n c\u00edvica de las nuevas generaciones\u201d, se\u00f1al\u00f3 el regidor Jes\u00fas Silva Arzat.<\/p>\n<p>&nbsp;<\/p>\n<p>El evento cont\u00f3 con la participaci\u00f3n de escoltas de distintas instituciones educativas, quienes realizaron una demostraci\u00f3n de sus habilidades y disciplina en el manejo de la bandera. Asimismo, se reconoci\u00f3 el esfuerzo y compromiso de cada una de las agrupaciones participantes.<\/p>\n<p>&nbsp;<\/p>\n<p>El Gobierno Municipal reafirma su compromiso con la educaci\u00f3n y el fortalecimiento de los valores c\u00edvicos, promoviendo espacios donde la juventud pueda desarrollar su sentido de identidad y responsabilidad social.<\/p>\n<p>&nbsp;<\/p>\n<p>#SigamosHaciendoloJuntos<\/p>\n<p>#HumanismoQueTransforma<\/p>\n","protected":false},"excerpt":{"rendered":"<p>&nbsp; Con el objetivo de fomentar los valores c\u00edvicos y fortalecer el sentido de identidad&#8230;<\/p>\n","protected":false},"author":2,"featured_media":31138,"comment_status":"closed","ping_status":"closed","sticky":false,"template":"","format":"standard","meta":{"_joinchat":[],"footnotes":""},"categories":[18,1,2,3],"tags":[],"class_list":["post-31137","post","type-post","status-publish","format-standard","has-post-thumbnail","hentry","category-almomento","category-boletin","category-estado","category-health"],"_links":{"self":[{"href":"https:\/\/icoinformativo.mx\/home\/index.php?rest_route=\/wp\/v2\/posts\/31137","targetHints":{"allow":["GET"]}}],"collection":[{"href":"https:\/\/icoinformativo.mx\/home\/index.php?rest_route=\/wp\/v2\/posts"}],"about":[{"href":"https:\/\/icoinformativo.mx\/home\/index.php?rest_route=\/wp\/v2\/types\/post"}],"author":[{"embeddable":true,"href":"https:\/\/icoinformativo.mx\/home\/index.php?rest_route=\/wp\/v2\/users\/2"}],"replies":[{"embeddable":true,"href":"https:\/\/icoinformativo.mx\/home\/index.php?rest_route=%2Fwp%2Fv2%2Fcomments&post=31137"}],"version-history":[{"count":1,"href":"https:\/\/icoinformativo.mx\/home\/index.php?rest_route=\/wp\/v2\/posts\/31137\/revisions"}],"predecessor-version":[{"id":31139,"href":"https:\/\/icoinformativo.mx\/home\/index.php?rest_route=\/wp\/v2\/posts\/31137\/revisions\/31139"}],"wp:featuredmedia":[{"embeddable":true,"href":"https:\/\/icoinformativo.mx\/home\/index.php?rest_route=\/wp\/v2\/media\/31138"}],"wp:attachment":[{"href":"https:\/\/icoinformativo.mx\/home\/index.php?rest_route=%2Fwp%2Fv2%2Fmedia&parent=31137"}],"wp:term":[{"taxonomy":"category","embeddable":true,"href":"https:\/\/icoinformativo.mx\/home\/index.php?rest_route=%2Fwp%2Fv2%2Fcategories&post=31137"},{"taxonomy":"post_tag","embeddable":true,"href":"https:\/\/icoinformativo.mx\/home\/index.php?rest_route=%2Fwp%2Fv2%2Ftags&post=31137"}],"curies":[{"name":"wp","href":"https:\/\/api.w.org\/{rel}","templated":true}]}}