{"id":31119,"date":"2025-02-24T02:32:33","date_gmt":"2025-02-24T02:32:33","guid":{"rendered":"https:\/\/icoinformativo.mx\/home\/?p=31119"},"modified":"2025-02-24T02:32:33","modified_gmt":"2025-02-24T02:32:33","slug":"cecytech-impulsa-la-educacion-cientifica-y-tecnologica-en-chiapas","status":"publish","type":"post","link":"https:\/\/icoinformativo.mx\/home\/?p=31119","title":{"rendered":"Cecytech impulsa la educaci\u00f3n cient\u00edfica y tecnol\u00f3gica en Chiapas  \u00a0"},"content":{"rendered":"<p>&nbsp;<\/p>\n<p>\u00b7 Se realiz\u00f3 el Primer Congreso de Estudiantes y Docentes Investigadores, donde se presentaron ponencias y un conversatorio para fortalecer la educaci\u00f3n cient\u00edfica y tecnol\u00f3gica en Chiapas<\/p>\n<p>Tuxtla Guti\u00e9rrez, Chiapas.- Con el objetivo de fortalecer el conocimiento y la innovaci\u00f3n en la comunidad educativa, el Colegio de Estudios Cient\u00edficos y Tecnol\u00f3gicos del Estado de Chiapas (Cecytech), a trav\u00e9s de la Direcci\u00f3n de Investigaci\u00f3n Cient\u00edfica y Desarrollo Tecnol\u00f3gico, llev\u00f3 a cabo el Primer Congreso de Estudiantes y Docentes Investigadores, fomentando el inter\u00e9s en la ciencia y la tecnolog\u00eda y consolid\u00e1ndose como un referente en formaci\u00f3n acad\u00e9mica de calidad.<\/p>\n<p>&nbsp;<\/p>\n<p>En el Auditorio de los Constituyentes de la Universidad Aut\u00f3noma de Chiapas, C\u00e9sar Octavio Llaven Gallegos, director de Investigaci\u00f3n Cient\u00edfica y Desarrollo Tecnol\u00f3gico, en representaci\u00f3n de Luis Guadalupe Morales \u00c1ngeles, director general del Cecytech, destac\u00f3 la importancia de crear espacios de aprendizaje que faciliten a los estudiantes la aplicaci\u00f3n de sus conocimientos en entornos reales, fortaleciendo su preparaci\u00f3n para el futuro.<\/p>\n<p>&nbsp;<\/p>\n<p>Llaven Gallegos enfatiz\u00f3 el compromiso de la Direcci\u00f3n General del Colegio y del gobernador Eduardo Ram\u00edrez Aguilar, por impulsar la educaci\u00f3n cient\u00edfica y tecnol\u00f3gica con miras a fortalecer las capacidades de las y los j\u00f3venes chiapanecos en un mundo cada vez m\u00e1s competitivo.<\/p>\n<p>&nbsp;<\/p>\n<p>Por su parte, Floricelda L\u00f3pez Anzueto, en representaci\u00f3n del cuerpo de investigadores y docentes, destac\u00f3 la importancia de estas actividades para incentivar a las y los estudiantes a desarrollar proyectos de investigaci\u00f3n que contribuyan a la soluci\u00f3n de problem\u00e1ticas locales, fomentando as\u00ed el desarrollo de Chiapas desde el \u00e1mbito acad\u00e9mico.<\/p>\n<p>&nbsp;<\/p>\n<p>En representaci\u00f3n de la comunidad estudiantil, la alumna Yesenia Guill\u00e9n Moreno, del CECyT 34 Real del Bosque, expres\u00f3 su agradecimiento por la realizaci\u00f3n de este evento, subrayando la valiosa oportunidad que representa para su formaci\u00f3n y el impacto positivo que tendr\u00e1 en su futuro profesional.<\/p>\n<p>&nbsp;<\/p>\n<p>Durante la jornada se presentaron diversas ponencias y actividades, la docente del Plantel 09 El Parral, Ver\u00f3nica V\u00e1zquez S\u00e1nchez, estuvo a cargo de la conferencia \u00abOdisea Cognitiva del Pensamiento Cr\u00edtico en los Laberintos de Aprendizaje\u00bb. Posteriormente, Heriberto V\u00e1zquez Roque, docente del Plantel 34 Real del Bosque, present\u00f3 la ponencia \u00abDel aula a la competencia: proyectos que desaf\u00edan y motivan\u00bb.<\/p>\n<p>&nbsp;<\/p>\n<p>Adem\u00e1s, se llev\u00f3 a cabo el Conversatorio de Estudiantes Investigadores, en el cual se abord\u00f3 el tema \u00abExperiencias en el dise\u00f1o e implementaci\u00f3n de proyectos cient\u00edficos y tecnol\u00f3gicos en el Cecytech y TBC Chiapas\u00bb. Para cerrar la jornada, Ariel Bassaul Ch\u00e1vez, subdirector de Desarrollo Escolar del Cecytech, present\u00f3 la relator\u00eda del evento.<\/p>\n<p>&nbsp;<\/p>\n","protected":false},"excerpt":{"rendered":"<p>&nbsp; \u00b7 Se realiz\u00f3 el Primer Congreso de Estudiantes y Docentes Investigadores, donde se presentaron&#8230;<\/p>\n","protected":false},"author":2,"featured_media":31120,"comment_status":"closed","ping_status":"closed","sticky":false,"template":"","format":"standard","meta":{"_joinchat":[],"footnotes":""},"categories":[18,1,2,3],"tags":[],"class_list":["post-31119","post","type-post","status-publish","format-standard","has-post-thumbnail","hentry","category-almomento","category-boletin","category-estado","category-health"],"_links":{"self":[{"href":"https:\/\/icoinformativo.mx\/home\/index.php?rest_route=\/wp\/v2\/posts\/31119","targetHints":{"allow":["GET"]}}],"collection":[{"href":"https:\/\/icoinformativo.mx\/home\/index.php?rest_route=\/wp\/v2\/posts"}],"about":[{"href":"https:\/\/icoinformativo.mx\/home\/index.php?rest_route=\/wp\/v2\/types\/post"}],"author":[{"embeddable":true,"href":"https:\/\/icoinformativo.mx\/home\/index.php?rest_route=\/wp\/v2\/users\/2"}],"replies":[{"embeddable":true,"href":"https:\/\/icoinformativo.mx\/home\/index.php?rest_route=%2Fwp%2Fv2%2Fcomments&post=31119"}],"version-history":[{"count":1,"href":"https:\/\/icoinformativo.mx\/home\/index.php?rest_route=\/wp\/v2\/posts\/31119\/revisions"}],"predecessor-version":[{"id":31121,"href":"https:\/\/icoinformativo.mx\/home\/index.php?rest_route=\/wp\/v2\/posts\/31119\/revisions\/31121"}],"wp:featuredmedia":[{"embeddable":true,"href":"https:\/\/icoinformativo.mx\/home\/index.php?rest_route=\/wp\/v2\/media\/31120"}],"wp:attachment":[{"href":"https:\/\/icoinformativo.mx\/home\/index.php?rest_route=%2Fwp%2Fv2%2Fmedia&parent=31119"}],"wp:term":[{"taxonomy":"category","embeddable":true,"href":"https:\/\/icoinformativo.mx\/home\/index.php?rest_route=%2Fwp%2Fv2%2Fcategories&post=31119"},{"taxonomy":"post_tag","embeddable":true,"href":"https:\/\/icoinformativo.mx\/home\/index.php?rest_route=%2Fwp%2Fv2%2Ftags&post=31119"}],"curies":[{"name":"wp","href":"https:\/\/api.w.org\/{rel}","templated":true}]}}