{"id":31102,"date":"2025-02-22T02:43:37","date_gmt":"2025-02-22T02:43:37","guid":{"rendered":"https:\/\/icoinformativo.mx\/home\/?p=31102"},"modified":"2025-02-22T02:43:37","modified_gmt":"2025-02-22T02:43:37","slug":"fge-inicia-las-investigaciones-con-protocolo-de-feminicidio-por-la-muerte-de-una-persona-en-chiapa-de-corzo","status":"publish","type":"post","link":"https:\/\/icoinformativo.mx\/home\/?p=31102","title":{"rendered":"FGE inicia las investigaciones con protocolo de feminicidio por la muerte de una persona en Chiapa de Corzo"},"content":{"rendered":"<p>&nbsp;<\/p>\n<p>&#8211; Por una herida de arma blanca<\/p>\n<p>&nbsp;<\/p>\n<p>La Fiscal\u00eda General del Estado inici\u00f3 las investigaciones contra quien o quienes resulten responsables por la muerte de una persona del sexo femenino, por hechos ocurridos en Chiapa de Corzo.<\/p>\n<p>&nbsp;<\/p>\n<p>De acuerdo con la carpeta de investigaci\u00f3n, se recibe la noticia criminal de la Polic\u00eda Municipal, informando sobre una persona lesionada por arma blanca en el fraccionamiento Jardines del Grijalva, refiriendo que de acuerdo con la versi\u00f3n de la pareja de la v\u00edctima \u00e9sta ya se encontraba lesionada desde el 19 de febrero de 2025, por lo que procedieron a llamar a Protecci\u00f3n Civil y al llegar el auxilio, la mujer ya no contaba con signos vitales.<\/p>\n<p>&nbsp;<\/p>\n<p>De acuerdo con la versi\u00f3n, el d\u00eda 19 de febrero de 2025, le avisaron que la occisa se encontraba al exterior de un bar, lesionada en el pecho con arma blanca, por lo que llamaron a Protecci\u00f3n Civil y la trasladaron al Hospital B\u00e1sico Comunitario 12 camas para la curaci\u00f3n, posteriormente se retiran y se trasladan al hospital Gilberto G\u00f3mez Maza en donde tampoco la reciben y retornan al Hospital B\u00e1sico Comunitario 12 camas, pero no los atienden, por lo cual, a bordo de un taxi se dirigieron a su domicilio en donde le hicieron curaciones.<\/p>\n<p>&nbsp;<\/p>\n<p>Por lo anterior, la Agencia de Investigaci\u00f3n e Inteligencia Ministerial se encuentra realizando las investigaciones correspondientes; adem\u00e1s, se solicitaron los dict\u00e1menes periciales a la Direcci\u00f3n de Servicios Periciales acorde al protocolo de Feminicidio.<\/p>\n<p>&nbsp;<\/p>\n<p>Con estas acciones, la Fiscal\u00eda General del Estado refrenda su compromiso de velar por los derechos humanos de las mujeres, esclareciendo todos los hechos que le sean denunciados, garantizando Cero Impunidad.<\/p>\n","protected":false},"excerpt":{"rendered":"<p>&nbsp; &#8211; Por una herida de arma blanca &nbsp; La Fiscal\u00eda General del Estado inici\u00f3&#8230;<\/p>\n","protected":false},"author":2,"featured_media":31103,"comment_status":"closed","ping_status":"closed","sticky":false,"template":"","format":"standard","meta":{"_joinchat":[],"footnotes":""},"categories":[18,1,2,3],"tags":[],"class_list":["post-31102","post","type-post","status-publish","format-standard","has-post-thumbnail","hentry","category-almomento","category-boletin","category-estado","category-health"],"_links":{"self":[{"href":"https:\/\/icoinformativo.mx\/home\/index.php?rest_route=\/wp\/v2\/posts\/31102","targetHints":{"allow":["GET"]}}],"collection":[{"href":"https:\/\/icoinformativo.mx\/home\/index.php?rest_route=\/wp\/v2\/posts"}],"about":[{"href":"https:\/\/icoinformativo.mx\/home\/index.php?rest_route=\/wp\/v2\/types\/post"}],"author":[{"embeddable":true,"href":"https:\/\/icoinformativo.mx\/home\/index.php?rest_route=\/wp\/v2\/users\/2"}],"replies":[{"embeddable":true,"href":"https:\/\/icoinformativo.mx\/home\/index.php?rest_route=%2Fwp%2Fv2%2Fcomments&post=31102"}],"version-history":[{"count":1,"href":"https:\/\/icoinformativo.mx\/home\/index.php?rest_route=\/wp\/v2\/posts\/31102\/revisions"}],"predecessor-version":[{"id":31104,"href":"https:\/\/icoinformativo.mx\/home\/index.php?rest_route=\/wp\/v2\/posts\/31102\/revisions\/31104"}],"wp:featuredmedia":[{"embeddable":true,"href":"https:\/\/icoinformativo.mx\/home\/index.php?rest_route=\/wp\/v2\/media\/31103"}],"wp:attachment":[{"href":"https:\/\/icoinformativo.mx\/home\/index.php?rest_route=%2Fwp%2Fv2%2Fmedia&parent=31102"}],"wp:term":[{"taxonomy":"category","embeddable":true,"href":"https:\/\/icoinformativo.mx\/home\/index.php?rest_route=%2Fwp%2Fv2%2Fcategories&post=31102"},{"taxonomy":"post_tag","embeddable":true,"href":"https:\/\/icoinformativo.mx\/home\/index.php?rest_route=%2Fwp%2Fv2%2Ftags&post=31102"}],"curies":[{"name":"wp","href":"https:\/\/api.w.org\/{rel}","templated":true}]}}