{"id":31099,"date":"2025-02-22T02:41:58","date_gmt":"2025-02-22T02:41:58","guid":{"rendered":"https:\/\/icoinformativo.mx\/home\/?p=31099"},"modified":"2025-02-22T02:41:58","modified_gmt":"2025-02-22T02:41:58","slug":"fge-obtiene-sentencia-condenatoria-de-25-anos-de-prision-para-responsable-del-delito-de-homicidio-calificado","status":"publish","type":"post","link":"https:\/\/icoinformativo.mx\/home\/?p=31099","title":{"rendered":"FGE obtiene sentencia condenatoria de 25 a\u00f1os de prisi\u00f3n para responsable del delito de homicidio calificado"},"content":{"rendered":"<p>&nbsp;<\/p>\n<p>&#8211; La sentenciada deber\u00e1 pagar m\u00e1s de un mill\u00f3n de pesos por reparaci\u00f3n del da\u00f1o<\/p>\n<p>&nbsp;<\/p>\n<p>La Fiscal\u00eda General del Estado obtuvo sentencia condenatoria, en primera instancia, en contra de Dulce \u201cN\u201d, por el delito de homicidio calificado, cometido en agravio de una persona de sexo femenino de identidad resguardada.<\/p>\n<p>&nbsp;<\/p>\n<p>El Juez de la Causa sentenci\u00f3 a la responsable a 25 a\u00f1os de prisi\u00f3n, y al pago de la reparaci\u00f3n del da\u00f1o a favor de un familiar de la v\u00edctima, por la cantidad de un mill\u00f3n 259 mil pesos.<\/p>\n<p>&nbsp;<\/p>\n<p>Dejando a salvo los derechos de la v\u00edctima indirecta para hacerla valer en etapa de ejecuci\u00f3n de sanciones.<\/p>\n<p>&nbsp;<\/p>\n<p>Con acciones contundentes en contra de las personas generadoras de violencia, se procura la paz y seguridad del pueblo, con Cero Impunidad.<\/p>\n","protected":false},"excerpt":{"rendered":"<p>&nbsp; &#8211; La sentenciada deber\u00e1 pagar m\u00e1s de un mill\u00f3n de pesos por reparaci\u00f3n del&#8230;<\/p>\n","protected":false},"author":2,"featured_media":31100,"comment_status":"closed","ping_status":"closed","sticky":false,"template":"","format":"standard","meta":{"_joinchat":[],"footnotes":""},"categories":[18,1,2,3],"tags":[],"class_list":["post-31099","post","type-post","status-publish","format-standard","has-post-thumbnail","hentry","category-almomento","category-boletin","category-estado","category-health"],"_links":{"self":[{"href":"https:\/\/icoinformativo.mx\/home\/index.php?rest_route=\/wp\/v2\/posts\/31099","targetHints":{"allow":["GET"]}}],"collection":[{"href":"https:\/\/icoinformativo.mx\/home\/index.php?rest_route=\/wp\/v2\/posts"}],"about":[{"href":"https:\/\/icoinformativo.mx\/home\/index.php?rest_route=\/wp\/v2\/types\/post"}],"author":[{"embeddable":true,"href":"https:\/\/icoinformativo.mx\/home\/index.php?rest_route=\/wp\/v2\/users\/2"}],"replies":[{"embeddable":true,"href":"https:\/\/icoinformativo.mx\/home\/index.php?rest_route=%2Fwp%2Fv2%2Fcomments&post=31099"}],"version-history":[{"count":1,"href":"https:\/\/icoinformativo.mx\/home\/index.php?rest_route=\/wp\/v2\/posts\/31099\/revisions"}],"predecessor-version":[{"id":31101,"href":"https:\/\/icoinformativo.mx\/home\/index.php?rest_route=\/wp\/v2\/posts\/31099\/revisions\/31101"}],"wp:featuredmedia":[{"embeddable":true,"href":"https:\/\/icoinformativo.mx\/home\/index.php?rest_route=\/wp\/v2\/media\/31100"}],"wp:attachment":[{"href":"https:\/\/icoinformativo.mx\/home\/index.php?rest_route=%2Fwp%2Fv2%2Fmedia&parent=31099"}],"wp:term":[{"taxonomy":"category","embeddable":true,"href":"https:\/\/icoinformativo.mx\/home\/index.php?rest_route=%2Fwp%2Fv2%2Fcategories&post=31099"},{"taxonomy":"post_tag","embeddable":true,"href":"https:\/\/icoinformativo.mx\/home\/index.php?rest_route=%2Fwp%2Fv2%2Ftags&post=31099"}],"curies":[{"name":"wp","href":"https:\/\/api.w.org\/{rel}","templated":true}]}}