{"id":31087,"date":"2025-02-22T02:33:06","date_gmt":"2025-02-22T02:33:06","guid":{"rendered":"https:\/\/icoinformativo.mx\/home\/?p=31087"},"modified":"2025-02-22T02:33:06","modified_gmt":"2025-02-22T02:33:06","slug":"llega-la-caravana-de-la-salud-a-ixtacomitan","status":"publish","type":"post","link":"https:\/\/icoinformativo.mx\/home\/?p=31087","title":{"rendered":"Llega la caravana de la salud a Ixtacomit\u00e1n."},"content":{"rendered":"<p>&nbsp;<\/p>\n<p>El presidente municipal, de Ixtacomitan Miguel Angel Moreno Palacios de la Mano con la maestra Blanca Estrada Rueda, agradecen profundamente al Gobernador del Estado, Dr. Eduardo Ram\u00edrez Aguilar, por su compromiso con la salud de nuestra gente, enviando las Caravanas de Salud a nuestro municipio.<\/p>\n<p>&nbsp;<\/p>\n<p>Estas brigadas m\u00e9dicas brindan atenci\u00f3n y servicios esenciales a quienes m\u00e1s lo necesitan, reforzando el derecho a la salud de todas y todos los Poasanecos.<\/p>\n<p>&nbsp;<\/p>\n<p>Las consultas termina el S\u00e1bado 22 de Febrero.<\/p>\n<p>&nbsp;<\/p>\n<p>\u00a1Sigamos trabajando juntos por el bienestar de nuestro pueblo y nuestra Gente! \ud83d\udcaa\u2728<\/p>\n<p>&nbsp;<\/p>\n<p>#SaludParaTodos #IxtacomitanAvanza #NuevaERA<\/p>\n","protected":false},"excerpt":{"rendered":"<p>&nbsp; El presidente municipal, de Ixtacomitan Miguel Angel Moreno Palacios de la Mano con la&#8230;<\/p>\n","protected":false},"author":2,"featured_media":31088,"comment_status":"closed","ping_status":"closed","sticky":false,"template":"","format":"standard","meta":{"_joinchat":[],"footnotes":""},"categories":[18,1,2,3],"tags":[],"class_list":["post-31087","post","type-post","status-publish","format-standard","has-post-thumbnail","hentry","category-almomento","category-boletin","category-estado","category-health"],"_links":{"self":[{"href":"https:\/\/icoinformativo.mx\/home\/index.php?rest_route=\/wp\/v2\/posts\/31087","targetHints":{"allow":["GET"]}}],"collection":[{"href":"https:\/\/icoinformativo.mx\/home\/index.php?rest_route=\/wp\/v2\/posts"}],"about":[{"href":"https:\/\/icoinformativo.mx\/home\/index.php?rest_route=\/wp\/v2\/types\/post"}],"author":[{"embeddable":true,"href":"https:\/\/icoinformativo.mx\/home\/index.php?rest_route=\/wp\/v2\/users\/2"}],"replies":[{"embeddable":true,"href":"https:\/\/icoinformativo.mx\/home\/index.php?rest_route=%2Fwp%2Fv2%2Fcomments&post=31087"}],"version-history":[{"count":1,"href":"https:\/\/icoinformativo.mx\/home\/index.php?rest_route=\/wp\/v2\/posts\/31087\/revisions"}],"predecessor-version":[{"id":31089,"href":"https:\/\/icoinformativo.mx\/home\/index.php?rest_route=\/wp\/v2\/posts\/31087\/revisions\/31089"}],"wp:featuredmedia":[{"embeddable":true,"href":"https:\/\/icoinformativo.mx\/home\/index.php?rest_route=\/wp\/v2\/media\/31088"}],"wp:attachment":[{"href":"https:\/\/icoinformativo.mx\/home\/index.php?rest_route=%2Fwp%2Fv2%2Fmedia&parent=31087"}],"wp:term":[{"taxonomy":"category","embeddable":true,"href":"https:\/\/icoinformativo.mx\/home\/index.php?rest_route=%2Fwp%2Fv2%2Fcategories&post=31087"},{"taxonomy":"post_tag","embeddable":true,"href":"https:\/\/icoinformativo.mx\/home\/index.php?rest_route=%2Fwp%2Fv2%2Ftags&post=31087"}],"curies":[{"name":"wp","href":"https:\/\/api.w.org\/{rel}","templated":true}]}}