{"id":31084,"date":"2025-02-22T02:20:15","date_gmt":"2025-02-22T02:20:15","guid":{"rendered":"https:\/\/icoinformativo.mx\/home\/?p=31084"},"modified":"2025-02-22T02:20:15","modified_gmt":"2025-02-22T02:20:15","slug":"el-presidente-andres-carballo-cordova-participa-en-la-mesa-de-la-construccion-de-paz-y-seguridad","status":"publish","type":"post","link":"https:\/\/icoinformativo.mx\/home\/?p=31084","title":{"rendered":"El presidente Andr\u00e9s Carballo C\u00f3rdova participa en la mesa de la construcci\u00f3n de paz y seguridad.\u00a0"},"content":{"rendered":"<p>&nbsp;<\/p>\n<p>Con el prop\u00f3sito de fortalecer la coordinaci\u00f3n entre los distintos niveles de gobierno y construir as\u00ed un entorno seguro y pac\u00edfico, el Presidente Municipal, Andr\u00e9s Carballo C\u00f3rdova, ha tomado parte en la Mesa de Construcci\u00f3n de Paz y Seguridad.<\/p>\n<p>&nbsp;<\/p>\n<p>El Maestro Andr\u00e9s Carballo C\u00f3rdova es consciente de que los temas relacionados con la seguridad nos conciernen a todos, y que \u00fanicamente a trav\u00e9s de la colaboraci\u00f3n y la coordinaci\u00f3n podremos alcanzar un entorno seguro y pac\u00edfico para todos los ciudadanos.<\/p>\n<p>&nbsp;<\/p>\n<p>Por tal raz\u00f3n, se encuentra comprometido con acciones que reflejan el firme compromiso del Gobierno Municipal con la seguridad y el bienestar de los ciudadanos, as\u00ed como su disposici\u00f3n para trabajar de manera conjunta con otros actores para lograr un municipio m\u00e1s seguro y pac\u00edfico.<\/p>\n<p>&nbsp;<\/p>\n<p>En los encuentros de la Mesa de Construcci\u00f3n de Paz y Seguridad, se busca abordar y ajustar las acciones en materia de seguridad conforme a las necesidades espec\u00edficas de nuestra regi\u00f3n.<\/p>\n<p>&nbsp;<\/p>\n","protected":false},"excerpt":{"rendered":"<p>&nbsp; Con el prop\u00f3sito de fortalecer la coordinaci\u00f3n entre los distintos niveles de gobierno y&#8230;<\/p>\n","protected":false},"author":2,"featured_media":31085,"comment_status":"closed","ping_status":"closed","sticky":false,"template":"","format":"standard","meta":{"_joinchat":[],"footnotes":""},"categories":[18,1,2,3],"tags":[],"class_list":["post-31084","post","type-post","status-publish","format-standard","has-post-thumbnail","hentry","category-almomento","category-boletin","category-estado","category-health"],"_links":{"self":[{"href":"https:\/\/icoinformativo.mx\/home\/index.php?rest_route=\/wp\/v2\/posts\/31084","targetHints":{"allow":["GET"]}}],"collection":[{"href":"https:\/\/icoinformativo.mx\/home\/index.php?rest_route=\/wp\/v2\/posts"}],"about":[{"href":"https:\/\/icoinformativo.mx\/home\/index.php?rest_route=\/wp\/v2\/types\/post"}],"author":[{"embeddable":true,"href":"https:\/\/icoinformativo.mx\/home\/index.php?rest_route=\/wp\/v2\/users\/2"}],"replies":[{"embeddable":true,"href":"https:\/\/icoinformativo.mx\/home\/index.php?rest_route=%2Fwp%2Fv2%2Fcomments&post=31084"}],"version-history":[{"count":1,"href":"https:\/\/icoinformativo.mx\/home\/index.php?rest_route=\/wp\/v2\/posts\/31084\/revisions"}],"predecessor-version":[{"id":31086,"href":"https:\/\/icoinformativo.mx\/home\/index.php?rest_route=\/wp\/v2\/posts\/31084\/revisions\/31086"}],"wp:featuredmedia":[{"embeddable":true,"href":"https:\/\/icoinformativo.mx\/home\/index.php?rest_route=\/wp\/v2\/media\/31085"}],"wp:attachment":[{"href":"https:\/\/icoinformativo.mx\/home\/index.php?rest_route=%2Fwp%2Fv2%2Fmedia&parent=31084"}],"wp:term":[{"taxonomy":"category","embeddable":true,"href":"https:\/\/icoinformativo.mx\/home\/index.php?rest_route=%2Fwp%2Fv2%2Fcategories&post=31084"},{"taxonomy":"post_tag","embeddable":true,"href":"https:\/\/icoinformativo.mx\/home\/index.php?rest_route=%2Fwp%2Fv2%2Ftags&post=31084"}],"curies":[{"name":"wp","href":"https:\/\/api.w.org\/{rel}","templated":true}]}}