{"id":31081,"date":"2025-02-22T02:16:17","date_gmt":"2025-02-22T02:16:17","guid":{"rendered":"https:\/\/icoinformativo.mx\/home\/?p=31081"},"modified":"2025-02-22T02:16:17","modified_gmt":"2025-02-22T02:16:17","slug":"cada-arbol-cuenta-cada-accion-importa-impulsando-el-futuro-verde-de-pichucalco","status":"publish","type":"post","link":"https:\/\/icoinformativo.mx\/home\/?p=31081","title":{"rendered":"\u00abCada \u00c1rbol Cuenta, Cada Acci\u00f3n Importa\u00bb \u2013 Impulsando el Futuro Verde de Pichucalco"},"content":{"rendered":"<p>&nbsp;<\/p>\n<p>En su esfuerzo por construir un futuro sostenible, el Gobierno Municipal de Pichucalco, que preside el Maestro Andr\u00e9s Carballo C\u00f3rdova, continua con la campa\u00f1a \u00abCada \u00c1rbol Cuenta, Cada Acci\u00f3n Importa\u00bb. Este programa, coordinado por las \u00e1reas de Medio Ambiente, Agricultura y Ganader\u00eda, y el Instituto de Juventud, Recreaci\u00f3n y Deporte, se ha convertido en un pilar de la estrategia ambiental del municipio.<\/p>\n<p>&nbsp;<\/p>\n<p>Recientemente, los directores de estas \u00e1reas, junto con la s\u00edndico municipal Elvira Gonzales Hern\u00e1ndez y la regidora Leyla Julissa N\u00e1rez Aguilar, visitaron el COBACH Plantel #231.<\/p>\n<p>&nbsp;<\/p>\n<p>Durante la visita, donaron y sembraron \u00e1rboles en colaboraci\u00f3n con las autoridades escolares y los estudiantes, transformando el entorno del plantel y promoviendo la conciencia ambiental entre los j\u00f3venes.<\/p>\n<p>&nbsp;<\/p>\n<p>Esta campa\u00f1a busca no solo embellecer el paisaje, sino tambi\u00e9n inculcar en las nuevas generaciones un sentido de responsabilidad y compromiso con el cuidado del medio ambiente.<\/p>\n<p>&nbsp;<\/p>\n","protected":false},"excerpt":{"rendered":"<p>&nbsp; En su esfuerzo por construir un futuro sostenible, el Gobierno Municipal de Pichucalco, que&#8230;<\/p>\n","protected":false},"author":2,"featured_media":31082,"comment_status":"closed","ping_status":"closed","sticky":false,"template":"","format":"standard","meta":{"_joinchat":[],"footnotes":""},"categories":[18,1,2,3],"tags":[],"class_list":["post-31081","post","type-post","status-publish","format-standard","has-post-thumbnail","hentry","category-almomento","category-boletin","category-estado","category-health"],"_links":{"self":[{"href":"https:\/\/icoinformativo.mx\/home\/index.php?rest_route=\/wp\/v2\/posts\/31081","targetHints":{"allow":["GET"]}}],"collection":[{"href":"https:\/\/icoinformativo.mx\/home\/index.php?rest_route=\/wp\/v2\/posts"}],"about":[{"href":"https:\/\/icoinformativo.mx\/home\/index.php?rest_route=\/wp\/v2\/types\/post"}],"author":[{"embeddable":true,"href":"https:\/\/icoinformativo.mx\/home\/index.php?rest_route=\/wp\/v2\/users\/2"}],"replies":[{"embeddable":true,"href":"https:\/\/icoinformativo.mx\/home\/index.php?rest_route=%2Fwp%2Fv2%2Fcomments&post=31081"}],"version-history":[{"count":1,"href":"https:\/\/icoinformativo.mx\/home\/index.php?rest_route=\/wp\/v2\/posts\/31081\/revisions"}],"predecessor-version":[{"id":31083,"href":"https:\/\/icoinformativo.mx\/home\/index.php?rest_route=\/wp\/v2\/posts\/31081\/revisions\/31083"}],"wp:featuredmedia":[{"embeddable":true,"href":"https:\/\/icoinformativo.mx\/home\/index.php?rest_route=\/wp\/v2\/media\/31082"}],"wp:attachment":[{"href":"https:\/\/icoinformativo.mx\/home\/index.php?rest_route=%2Fwp%2Fv2%2Fmedia&parent=31081"}],"wp:term":[{"taxonomy":"category","embeddable":true,"href":"https:\/\/icoinformativo.mx\/home\/index.php?rest_route=%2Fwp%2Fv2%2Fcategories&post=31081"},{"taxonomy":"post_tag","embeddable":true,"href":"https:\/\/icoinformativo.mx\/home\/index.php?rest_route=%2Fwp%2Fv2%2Ftags&post=31081"}],"curies":[{"name":"wp","href":"https:\/\/api.w.org\/{rel}","templated":true}]}}