{"id":30595,"date":"2025-02-08T04:03:08","date_gmt":"2025-02-08T04:03:08","guid":{"rendered":"https:\/\/icoinformativo.mx\/home\/?p=30595"},"modified":"2025-02-08T04:03:08","modified_gmt":"2025-02-08T04:03:08","slug":"ayuntamiento-y-dif-juarez-agradecen-la-visita-del-gobernador-dr-eduardo-ramirez-aguilar","status":"publish","type":"post","link":"https:\/\/icoinformativo.mx\/home\/?p=30595","title":{"rendered":"Ayuntamiento y Dif Ju\u00e1rez agradecen la visita del Gobernador Dr Eduardo Ram\u00edrez Aguilar"},"content":{"rendered":"<p>El Sistema DIF Municipal de Ju\u00e1rez, Chiapas, que preside la C.P. Sonia Calc\u00e1neo de Serra, y el Honorable Ayuntamiento de Ju\u00e1rez, encabezado por el Lic. \u00d3scar Serra Cantoral, agradecen de coraz\u00f3n la valiosa visita del gobernador del estado, Dr. Eduardo Ram\u00edrez Aguilar. Su cercan\u00eda, compromiso y liderazgo inspiran a toda nuestra comunidad a seguir avanzando hacia un Chiapas m\u00e1s unido, seguro y pr\u00f3spero. \ud83d\udc9a\ud83e\udd1d\u2728<\/p>\n<p>&nbsp;<\/p>\n<p>Reconocemos con especial gratitud el apoyo de quienes, con esfuerzo y dedicaci\u00f3n, hacen posible transformar la vida de las familias juarenses:<\/p>\n<p>&nbsp;<\/p>\n<p>\ud83c\udf3e Marco Antonio Barba Arrocha, secretario de SAGyP Chiapas, por fortalecer nuestro campo y econom\u00eda local.<\/p>\n<p>&nbsp;<\/p>\n<p>\u2696\ufe0f Jorge Luis Llaven Abarca, fiscal general del estado, por velar por la justicia y seguridad de todos.<\/p>\n<p>&nbsp;<\/p>\n<p>\ud83d\udc6e\u200d\u2642\ufe0f \u00d3scar Aparicio Avenda\u00f1o, titular de la Secretar\u00eda de Seguridad P\u00fablica, por su incansable labor en mantener la paz en nuestras carreteras y comunidades.<\/p>\n<p>&nbsp;<\/p>\n<p>\ud83d\udc69\u200d\ud83e\uddb0 Dulce Mar\u00eda Rodr\u00edguez Ovando, titular de la Secretar\u00eda de la Mujer, por su compromiso en la defensa de los derechos y la igualdad de g\u00e9nero.<\/p>\n<p>&nbsp;<\/p>\n<p>\u00a1Gracias por su visita y por ser un pilar fundamental en la construcci\u00f3n de un futuro brillante para Ju\u00e1rez! Juntos, seguimos impulsando el cambio y el progreso. \ud83c\uddf2\ud83c\uddfd\ud83d\udcaa\ud83c\udf1f\ud83d\ude4c<\/p>\n<p>&nbsp;<\/p>\n<p>#SiempreContigo\ud83e\udef6\ud83c\udffb<\/p>\n<p>#SigamosHaci\u00e9ndoloJuntos\ud83e\udd1d\ud83c\udffb<\/p>\n<p>#HumanismoQueTransforma\ud83e\udef6\ud83c\udffb<\/p>\n","protected":false},"excerpt":{"rendered":"<p>El Sistema DIF Municipal de Ju\u00e1rez, Chiapas, que preside la C.P. Sonia Calc\u00e1neo de Serra,&#8230;<\/p>\n","protected":false},"author":2,"featured_media":30596,"comment_status":"closed","ping_status":"closed","sticky":false,"template":"","format":"standard","meta":{"_joinchat":[],"footnotes":""},"categories":[18,1,2,3],"tags":[],"class_list":["post-30595","post","type-post","status-publish","format-standard","has-post-thumbnail","hentry","category-almomento","category-boletin","category-estado","category-health"],"_links":{"self":[{"href":"https:\/\/icoinformativo.mx\/home\/index.php?rest_route=\/wp\/v2\/posts\/30595","targetHints":{"allow":["GET"]}}],"collection":[{"href":"https:\/\/icoinformativo.mx\/home\/index.php?rest_route=\/wp\/v2\/posts"}],"about":[{"href":"https:\/\/icoinformativo.mx\/home\/index.php?rest_route=\/wp\/v2\/types\/post"}],"author":[{"embeddable":true,"href":"https:\/\/icoinformativo.mx\/home\/index.php?rest_route=\/wp\/v2\/users\/2"}],"replies":[{"embeddable":true,"href":"https:\/\/icoinformativo.mx\/home\/index.php?rest_route=%2Fwp%2Fv2%2Fcomments&post=30595"}],"version-history":[{"count":1,"href":"https:\/\/icoinformativo.mx\/home\/index.php?rest_route=\/wp\/v2\/posts\/30595\/revisions"}],"predecessor-version":[{"id":30597,"href":"https:\/\/icoinformativo.mx\/home\/index.php?rest_route=\/wp\/v2\/posts\/30595\/revisions\/30597"}],"wp:featuredmedia":[{"embeddable":true,"href":"https:\/\/icoinformativo.mx\/home\/index.php?rest_route=\/wp\/v2\/media\/30596"}],"wp:attachment":[{"href":"https:\/\/icoinformativo.mx\/home\/index.php?rest_route=%2Fwp%2Fv2%2Fmedia&parent=30595"}],"wp:term":[{"taxonomy":"category","embeddable":true,"href":"https:\/\/icoinformativo.mx\/home\/index.php?rest_route=%2Fwp%2Fv2%2Fcategories&post=30595"},{"taxonomy":"post_tag","embeddable":true,"href":"https:\/\/icoinformativo.mx\/home\/index.php?rest_route=%2Fwp%2Fv2%2Ftags&post=30595"}],"curies":[{"name":"wp","href":"https:\/\/api.w.org\/{rel}","templated":true}]}}