{"id":30592,"date":"2025-02-08T03:56:53","date_gmt":"2025-02-08T03:56:53","guid":{"rendered":"https:\/\/icoinformativo.mx\/home\/?p=30592"},"modified":"2025-02-08T03:56:53","modified_gmt":"2025-02-08T03:56:53","slug":"compromiso-con-la-seguridad-y-proteccion-civil-en-chilon","status":"publish","type":"post","link":"https:\/\/icoinformativo.mx\/home\/?p=30592","title":{"rendered":"Compromiso con la seguridad y protecci\u00f3n civil en Chil\u00f3n"},"content":{"rendered":"<p>&nbsp;<\/p>\n<p>El Prof. Mario Hern\u00e1ndez Aguilar, presidente de Chil\u00f3n, ha destacado la importancia de la prevenci\u00f3n en materia de seguridad y protecci\u00f3n civil, promoviendo acciones que garanticen el bienestar de la ciudadan\u00eda. En este sentido, las \u00e1reas correspondientes han intensificado labores para prevenir riesgos y mantener espacios limpios, asegurando un entorno seguro para la poblaci\u00f3n.<\/p>\n<p>&nbsp;<\/p>\n<p>Como parte de estas acciones, elementos de Protecci\u00f3n Civil realizaron labores de limpieza en el r\u00edo que atraviesa la ciudad de Chil\u00f3n. Se llevaron a cabo trabajos de recolecci\u00f3n de basura y desbroce en la orilla del cauce, espec\u00edficamente en la zona del barrio Jemel, con el objetivo de reducir la contaminaci\u00f3n y evitar posibles afectaciones.<\/p>\n<p>&nbsp;<\/p>\n<p>Estas acciones reflejan el compromiso del gobierno municipal con el cuidado del medio ambiente y la protecci\u00f3n de la comunidad. El llamado a la ciudadan\u00eda es a sumarse a estas iniciativas, manteniendo los espacios limpios y colaborando en la conservaci\u00f3n del entorno natural.<\/p>\n<p>&nbsp;<\/p>\n<p>#ProteccionCivil #Chil\u00f3nSomosTodos<\/p>\n","protected":false},"excerpt":{"rendered":"<p>&nbsp; El Prof. Mario Hern\u00e1ndez Aguilar, presidente de Chil\u00f3n, ha destacado la importancia de la&#8230;<\/p>\n","protected":false},"author":2,"featured_media":30593,"comment_status":"closed","ping_status":"closed","sticky":false,"template":"","format":"standard","meta":{"_joinchat":[],"footnotes":""},"categories":[18,1,2,3],"tags":[],"class_list":["post-30592","post","type-post","status-publish","format-standard","has-post-thumbnail","hentry","category-almomento","category-boletin","category-estado","category-health"],"_links":{"self":[{"href":"https:\/\/icoinformativo.mx\/home\/index.php?rest_route=\/wp\/v2\/posts\/30592","targetHints":{"allow":["GET"]}}],"collection":[{"href":"https:\/\/icoinformativo.mx\/home\/index.php?rest_route=\/wp\/v2\/posts"}],"about":[{"href":"https:\/\/icoinformativo.mx\/home\/index.php?rest_route=\/wp\/v2\/types\/post"}],"author":[{"embeddable":true,"href":"https:\/\/icoinformativo.mx\/home\/index.php?rest_route=\/wp\/v2\/users\/2"}],"replies":[{"embeddable":true,"href":"https:\/\/icoinformativo.mx\/home\/index.php?rest_route=%2Fwp%2Fv2%2Fcomments&post=30592"}],"version-history":[{"count":1,"href":"https:\/\/icoinformativo.mx\/home\/index.php?rest_route=\/wp\/v2\/posts\/30592\/revisions"}],"predecessor-version":[{"id":30594,"href":"https:\/\/icoinformativo.mx\/home\/index.php?rest_route=\/wp\/v2\/posts\/30592\/revisions\/30594"}],"wp:featuredmedia":[{"embeddable":true,"href":"https:\/\/icoinformativo.mx\/home\/index.php?rest_route=\/wp\/v2\/media\/30593"}],"wp:attachment":[{"href":"https:\/\/icoinformativo.mx\/home\/index.php?rest_route=%2Fwp%2Fv2%2Fmedia&parent=30592"}],"wp:term":[{"taxonomy":"category","embeddable":true,"href":"https:\/\/icoinformativo.mx\/home\/index.php?rest_route=%2Fwp%2Fv2%2Fcategories&post=30592"},{"taxonomy":"post_tag","embeddable":true,"href":"https:\/\/icoinformativo.mx\/home\/index.php?rest_route=%2Fwp%2Fv2%2Ftags&post=30592"}],"curies":[{"name":"wp","href":"https:\/\/api.w.org\/{rel}","templated":true}]}}