{"id":30543,"date":"2025-02-05T01:27:32","date_gmt":"2025-02-05T01:27:32","guid":{"rendered":"https:\/\/icoinformativo.mx\/home\/?p=30543"},"modified":"2025-02-05T01:27:32","modified_gmt":"2025-02-05T01:27:32","slug":"director-del-instituto-del-deporte-entrega-nombramientos-a-delegados-y-a-coordinador-estatal","status":"publish","type":"post","link":"https:\/\/icoinformativo.mx\/home\/?p=30543","title":{"rendered":"*Director del Instituto del Deporte entrega nombramientos a delegados y a coordinador estatal*"},"content":{"rendered":"<p>&#8211; Adona\u00ed S\u00e1nchez Osorio motiv\u00f3 a los delegados a trabajar por Chiapas y llevar el deporte a cada rinc\u00f3n del estado<\/p>\n<p>&nbsp;<\/p>\n<p>El director general del Instituto del Deporte del Estado de Chiapas (Indeporte), Adona\u00ed S\u00e1nchez Osorio, entreg\u00f3 oficialmente los nombramientos a los delegados regionales y al coordinador del Indeporte.<\/p>\n<p>&nbsp;<\/p>\n<p>\u00abSomos una familia que va a trabajar por Chiapas, vamos a estar pendientes de cada uno de los municipios porque el deporte tiene que llegar a cada rinc\u00f3n del estado, ustedes son los aliados del deporte\u00bb, expres\u00f3 el titular del Indeporte.<\/p>\n<p>&nbsp;<\/p>\n<p>Acompa\u00f1ado por presidentes municipales e invitados especiales, S\u00e1nchez Osorio enumer\u00f3 las responsabilidades que conlleva la labor que se les asigna a los nuevos servidores del pueblo, as\u00ed como las de la instituci\u00f3n.<\/p>\n<p>&nbsp;<\/p>\n<p>\u00abVamos a hacer un gran esfuerzo y darles todos los apoyos necesarios para que hagan su trabajo. Haremos muchos eventos y mucho deporte. Les pido que cumplan con determinaci\u00f3n, pasi\u00f3n y honradez esta encomienda. Estaremos trabajando duro todos juntos por el bien de Chiapas, porque as\u00ed lo ha pedido nuestro gobernador Eduardo Ram\u00edrez Aguilar. Estamos para trabajar por Chiapas\u00bb, reiter\u00f3.<\/p>\n<p>&nbsp;<\/p>\n<p>En su intervenci\u00f3n, el nuevo coordinador de delegados, Alejandro Mandujano Villatoro, prometi\u00f3 a nombre de todos, entregar buenas cuentas de la responsabilidad que hoy est\u00e1n recibiendo.<\/p>\n<p>&nbsp;<\/p>\n<p>Recibieron los nombramientos: Luis Raymundo Lara Lara, de la regi\u00f3n De Los Llanos, Valles Zoque y Metropolitana; Kevin Ide Indili Cigarroa, de la regi\u00f3n Mezcalapa y Frailesca; Juan de la Cruz Mart\u00ednez, de la regi\u00f3n Altos Tsotsil Tseltal con sede en San Crist\u00f3bal de Las Casas; Lorenzo Daniel de la Cruz Mart\u00ednez, de la regi\u00f3n Meseta Comiteca Tojolabal con sede en Comit\u00e1n; Julio Antonio Ochoa Romero, De Los Bosques con sede en Ixtapa; Ra\u00fal Alejandro Rinc\u00f3n Coronel de la regi\u00f3n Norte con sede en Pichucalco; Ulises Barrios Sol\u00eds, de la regi\u00f3n Istmo Costa y Soconusco II; Jorge Rodr\u00edguez Mazariegos de la regi\u00f3n Soconusco I, con sede en Tapachula; y Federico Tirado Pech de la regi\u00f3n Selva Lacandona, Maya, Tulij\u00e1 Tseltal y Chol, con sede en Palenque.<\/p>\n<p>&nbsp;<\/p>\n<p>A la ceremonia, llevada a cabo en el Auditorio \u00abDr. Belisario Dom\u00ednguez \u00bb del Indeporte, acudieron: Andr\u00e9s Ruiz G\u00f3mez, presidente municipal de San Andr\u00e9s Larr\u00e1inzar; Erlen S\u00e1nchez Hern\u00e1ndez, alcalde de Pueblo Nuevo Solistahuac\u00e1n; Marli Trejo Posada, concejal presidenta de Frontera Comalapa; V\u00edctor P\u00e9rez Salda\u00f1a, presidente de Cacahoat\u00e1n; y Lucio Manuel L\u00f3pez P\u00e9rez, alcalde de Aldama, entre otros.<\/p>\n","protected":false},"excerpt":{"rendered":"<p>&#8211; Adona\u00ed S\u00e1nchez Osorio motiv\u00f3 a los delegados a trabajar por Chiapas y llevar el&#8230;<\/p>\n","protected":false},"author":2,"featured_media":30544,"comment_status":"closed","ping_status":"closed","sticky":false,"template":"","format":"standard","meta":{"_joinchat":[],"footnotes":""},"categories":[18,1,2,3],"tags":[],"class_list":["post-30543","post","type-post","status-publish","format-standard","has-post-thumbnail","hentry","category-almomento","category-boletin","category-estado","category-health"],"_links":{"self":[{"href":"https:\/\/icoinformativo.mx\/home\/index.php?rest_route=\/wp\/v2\/posts\/30543","targetHints":{"allow":["GET"]}}],"collection":[{"href":"https:\/\/icoinformativo.mx\/home\/index.php?rest_route=\/wp\/v2\/posts"}],"about":[{"href":"https:\/\/icoinformativo.mx\/home\/index.php?rest_route=\/wp\/v2\/types\/post"}],"author":[{"embeddable":true,"href":"https:\/\/icoinformativo.mx\/home\/index.php?rest_route=\/wp\/v2\/users\/2"}],"replies":[{"embeddable":true,"href":"https:\/\/icoinformativo.mx\/home\/index.php?rest_route=%2Fwp%2Fv2%2Fcomments&post=30543"}],"version-history":[{"count":1,"href":"https:\/\/icoinformativo.mx\/home\/index.php?rest_route=\/wp\/v2\/posts\/30543\/revisions"}],"predecessor-version":[{"id":30545,"href":"https:\/\/icoinformativo.mx\/home\/index.php?rest_route=\/wp\/v2\/posts\/30543\/revisions\/30545"}],"wp:featuredmedia":[{"embeddable":true,"href":"https:\/\/icoinformativo.mx\/home\/index.php?rest_route=\/wp\/v2\/media\/30544"}],"wp:attachment":[{"href":"https:\/\/icoinformativo.mx\/home\/index.php?rest_route=%2Fwp%2Fv2%2Fmedia&parent=30543"}],"wp:term":[{"taxonomy":"category","embeddable":true,"href":"https:\/\/icoinformativo.mx\/home\/index.php?rest_route=%2Fwp%2Fv2%2Fcategories&post=30543"},{"taxonomy":"post_tag","embeddable":true,"href":"https:\/\/icoinformativo.mx\/home\/index.php?rest_route=%2Fwp%2Fv2%2Ftags&post=30543"}],"curies":[{"name":"wp","href":"https:\/\/api.w.org\/{rel}","templated":true}]}}