{"id":30519,"date":"2025-02-04T23:57:34","date_gmt":"2025-02-04T23:57:34","guid":{"rendered":"https:\/\/icoinformativo.mx\/home\/?p=30519"},"modified":"2025-02-04T23:57:34","modified_gmt":"2025-02-04T23:57:34","slug":"eduardo-ramirez-reitera-compromiso-con-el-desarrollo-educativo-y-la-seguridad-de-las-y-los-jovenes","status":"publish","type":"post","link":"https:\/\/icoinformativo.mx\/home\/?p=30519","title":{"rendered":"*Eduardo Ram\u00edrez reitera compromiso con el desarrollo educativo y la seguridad de las y los j\u00f3venes*"},"content":{"rendered":"<p>&nbsp;<\/p>\n<p>* El gobernador encabez\u00f3 la entrega de equipamiento, insumos y material did\u00e1ctico a los 338 centros educativos del Cobach<\/p>\n<p>El gobernador Eduardo Ram\u00edrez Aguilar encabez\u00f3 el banderazo de salida a las unidades encargadas de distribuir equipamiento, insumos y material did\u00e1ctico a los 338 centros educativos del Colegio de Bachilleres de Chiapas (Cobach), donde reiter\u00f3 su compromiso con el desarrollo educativo y la seguridad de las y los j\u00f3venes, destacando que son el presente de Chiapas.<\/p>\n<p>Desde el Cobach Plantel 33, Tuxtla Polyforum, y en el marco del inicio de clases del semestre 2024-2025 \u00abB\u00bb de este subsistema educativo, Ram\u00edrez Aguilar inform\u00f3 a la comunidad estudiantil que, a trav\u00e9s del programa Conecta Chiapas, se les garantizar\u00e1 el acceso gratuito a Internet, facilitando as\u00ed su formaci\u00f3n acad\u00e9mica.<\/p>\n<p>\u00abConecta Chiapas permitir\u00e1 que las y los estudiantes realicen sus tareas, ampl\u00eden sus conocimientos y tengan mejores oportunidades. Las y los j\u00f3venes son el presente de Chiapas, y vamos a caminar siempre juntas y juntos\u201d, enfatiz\u00f3 al tiempo de anunciar que quienes participen como alfabetizadores del programa Chiapas Puede, ser\u00e1n beneficiados con la beca Rosario Castellanos.<\/p>\n<p>El mandatario resalt\u00f3 que, en tan solo 55 d\u00edas, se ha cambiado el rostro del estado y se trabaja arduamente para que Tuxtla Guti\u00e9rrez sea una capital segura, por ello, les pidi\u00f3 a las y los j\u00f3venes que sean constructores de paz. Subray\u00f3 que una de las prioridades de su gobierno es garantizar que las ni\u00f1as y mujeres no sean acosadas ni violentadas, por ello se les otorgar\u00e1n relojes con bot\u00f3n de auxilio, permitiendo una respuesta inmediata de las autoridades ante cualquier situaci\u00f3n de riesgo.<\/p>\n<p>El director general del Cobach, Miguel Prado de los Santos, destac\u00f3 que m\u00e1s de 80 mil estudiantes de este subsistema inician clases en este ciclo escolar, dando paso a una nueva era de retos y aprendizajes en un ambiente seguro y en paz. Adem\u00e1s, manifest\u00f3 su disposici\u00f3n para integrarse como alfabetizador del programa Chiapas Puede.<\/p>\n<p>En representaci\u00f3n del alumnado, Ximena Yee Cruz, estudiante del Plantel 13, agradeci\u00f3 la entrega de equipamiento y se\u00f1al\u00f3 que estas acciones reflejan el compromiso de las autoridades con la educaci\u00f3n, adem\u00e1s de fortalecer la preparaci\u00f3n acad\u00e9mica de la juventud.<\/p>\n<p>Por su parte, el alcalde de Tuxtla Guti\u00e9rrez, Angel Torres Culebro, reconoci\u00f3 los esfuerzos realizados en materia de seguridad, los cuales permiten que la comunidad estudiantil asista a sus escuelas y regrese a casa con mayor tranquilidad. De igual forma, celebr\u00f3 la entrega de herramientas tecnol\u00f3gicas, que contribuir\u00e1n a mejorar el acceso al conocimiento y la formaci\u00f3n de las y los j\u00f3venes chiapanecos.<\/p>\n<p>Asistieron: el director general del Instituto de la Infraestructura F\u00edsica Educativa del Estado de Chiapas (Inifech), Carlos Ildelfonso Jim\u00e9nez Trujillo; por parte del Colegio de Bachilleres de Chiapas, los directores del Plantel 33 Polyforum, Fabian Zepeda L\u00f3pez y del Plantel 13 Tuxtla Oriente, Luis Vicente Guill\u00e9n P\u00e9rez; la representante del personal docente, Rosa Mar\u00eda Aguilar Faviel, y la alumna destacada del Plantel 33 Polyforum y seleccionada en los Juegos Panamericanos, Joselyn Rodr\u00edguez P\u00e9rez.<\/p>\n","protected":false},"excerpt":{"rendered":"<p>&nbsp; * El gobernador encabez\u00f3 la entrega de equipamiento, insumos y material did\u00e1ctico a los&#8230;<\/p>\n","protected":false},"author":2,"featured_media":30520,"comment_status":"closed","ping_status":"closed","sticky":false,"template":"","format":"standard","meta":{"_joinchat":[],"footnotes":""},"categories":[18,1,2,3],"tags":[],"class_list":["post-30519","post","type-post","status-publish","format-standard","has-post-thumbnail","hentry","category-almomento","category-boletin","category-estado","category-health"],"_links":{"self":[{"href":"https:\/\/icoinformativo.mx\/home\/index.php?rest_route=\/wp\/v2\/posts\/30519","targetHints":{"allow":["GET"]}}],"collection":[{"href":"https:\/\/icoinformativo.mx\/home\/index.php?rest_route=\/wp\/v2\/posts"}],"about":[{"href":"https:\/\/icoinformativo.mx\/home\/index.php?rest_route=\/wp\/v2\/types\/post"}],"author":[{"embeddable":true,"href":"https:\/\/icoinformativo.mx\/home\/index.php?rest_route=\/wp\/v2\/users\/2"}],"replies":[{"embeddable":true,"href":"https:\/\/icoinformativo.mx\/home\/index.php?rest_route=%2Fwp%2Fv2%2Fcomments&post=30519"}],"version-history":[{"count":1,"href":"https:\/\/icoinformativo.mx\/home\/index.php?rest_route=\/wp\/v2\/posts\/30519\/revisions"}],"predecessor-version":[{"id":30521,"href":"https:\/\/icoinformativo.mx\/home\/index.php?rest_route=\/wp\/v2\/posts\/30519\/revisions\/30521"}],"wp:featuredmedia":[{"embeddable":true,"href":"https:\/\/icoinformativo.mx\/home\/index.php?rest_route=\/wp\/v2\/media\/30520"}],"wp:attachment":[{"href":"https:\/\/icoinformativo.mx\/home\/index.php?rest_route=%2Fwp%2Fv2%2Fmedia&parent=30519"}],"wp:term":[{"taxonomy":"category","embeddable":true,"href":"https:\/\/icoinformativo.mx\/home\/index.php?rest_route=%2Fwp%2Fv2%2Fcategories&post=30519"},{"taxonomy":"post_tag","embeddable":true,"href":"https:\/\/icoinformativo.mx\/home\/index.php?rest_route=%2Fwp%2Fv2%2Ftags&post=30519"}],"curies":[{"name":"wp","href":"https:\/\/api.w.org\/{rel}","templated":true}]}}